{"id":39504,"date":"2020-03-07T00:43:24","date_gmt":"2020-03-07T00:43:24","guid":{"rendered":"http:\/\/diariodominicano.ddns.net\/?p=39504"},"modified":"2020-03-07T00:43:24","modified_gmt":"2020-03-07T00:43:24","slug":"ocho-de-marzo-2020-enfrentemos-el-capitalismo-patriarcal","status":"publish","type":"post","link":"https:\/\/diariodominicano.com\/?p=39504","title":{"rendered":"OCHO DE MARZO 2020: \u00a1ENFRENTEMOS  EL CAPITALISMO PATRIARCAL!"},"content":{"rendered":"<p><body><\/p>\n<p>OCHO DE MARZO 2020: \u00a1ENFRENTEMOS  EL CAPITALISMO PATRIARCAL!<\/p>\n<\/p>\n<\/p>\n<\/p>\n<p>Abundan las razones para que en esta fecha simb\u00f3lica y de gran valor hist\u00f3rico, el Movimiento Caama\u00f1ista-MC  -organizaci\u00f3n que sustenta el ideal comunista de un mundo de libertad y justicia, sin opresores ni  oprimidos\/as- exhorte a las mujeres trabajadoras y a todos  los dominicanos y dominicanas que luchan por un pa\u00eds y un mundo mejor, a enfrentar con determinaci\u00f3n el capitalismo patriarcal.<\/p>\n<\/p>\n<p>Al capitalismo,  con toda su vocaci\u00f3n por la explotaci\u00f3n y la desigualdad, lo acompa\u00f1a el patriarcado como sistema de ideas y estructuras en el que se ha sustentado y sustenta la supremac\u00eda masculina a lo largo de la historia y en el presente de la humanidad.<\/p>\n<\/p>\n<p>\u00b7         Que entroniza la sobre-explotaci\u00f3n de las mujeres a cargo de la clase dominante y su subordinaci\u00f3n a los hombres en las relaciones de g\u00e9nero.<\/p>\n<\/p>\n<p>\u00b7         Que  sistematiza su maltrato bajo el criterio de considerarlas \u00abpropiedad\u00bb de los hombres  o \u00abseres inferiores\u00bb.<\/p>\n<\/p>\n<p>\u00b7         Que las convierte fundamentalmente en instrumento de placer sexual, \u00abamas de casa\u00bb, material de cocina y cama, trabajadoras no remuneradas (cuando se trata del cuido de hogares e hijos\/as) o inferiormente remuneradas (en la generalidad de los centros de trabajo).<\/p>\n<\/p>\n<p> La ideolog\u00eda patriarcal nutre el machismo, la opresi\u00f3n y las discriminaciones que conducen al maltrato f\u00edsico y mental, y a los feminicidios impunes que estremecen nuestra sociedad. \u00a1La impunidad se impone y reproduce en alza la criminalidad dominante!<\/p>\n<\/p>\n<p>Las indignaciones colectivas que el cumulo de abusos  contra los derechos de las mujeres provocan, motivan a su vez el crecimiento de los movimientos feministas contestarlos, de sus protestas, de sus todav\u00eda limitados logros legislativos  y pol\u00edticas p\u00fablicas favorables  a escala mundial, que hoy debemos felicitar.<\/p>\n<\/p>\n<p> Alertamos respecto al hecho de que en la medida se incrementa el rechazo a las tragedias sociales que el machismo genera, crecen y ganan apoyo las propuestas alternativas del movimiento feminista, los sectores dominantes recurren a la satanizaci\u00f3n de una supuesta \u00abideolog\u00eda  de g\u00e9nero\u00bb que  \u00abamenaza la existencia de la familia y de la sociedad\u00bb.<\/p>\n<\/p>\n<p>Intentan as\u00ed invisibilizar el patriarcado y la perversa cultura machista generadora de desigualdades, abusos, corrupci\u00f3n, impunidad,  traumas, opresiones y violencias evitables, que hoy nos comprometemos abrazados a todos y todos los que luchan por el fin del capitalismo patriarcal y sus nefastas consecuencias.<\/p>\n<\/p>\n<p>Por la Coordinaci\u00f3n Central: Narciso Isa Conde,  Elisabeth Mej\u00eda y F\u00e9lix Tejeda \/\/ 8-03-20 Santo Domingo RD<\/p>\n<\/p>\n<p>Zona de los archivos adjuntos<\/p>\n<h6> 2020-03-07 00:43:24 <\/h6>\n<p><!--\n<link rel=\"stylesheet\" href=\"css\/bootstrap.min.css\">\n\n\n<ul class=\"pagination\">\n\t    \n\t\n\n<li >\n\t<a href='?page_no=280'>Previous<\/a>\n\t<\/li>\n\n\n       \n    \n\n<li><a href='?page_no=1'>1<\/a><\/li>\n\n\n\n<li><a href='?page_no=2'>2<\/a><\/li>\n\n\n\n<li><a>...<\/a><\/li>\n\n\n\n<li><a href='?page_no=279'>279<\/a><\/li>\n\n\n\n<li><a href='?page_no=280'>280<\/a><\/li>\n\n\n\n<li class='active'><a>281<\/a><\/li>\n\n\n\n<li><a href='?page_no=282'>282<\/a><\/li>\n\n\n\n<li><a href='?page_no=283'>283<\/a><\/li>\n\n\n\n<li><a>...<\/a><\/li>\n\n\n\n<li><a href='?page_no=13611'>13611<\/a><\/li>\n\n\n\n<li><a href='?page_no=13612'>13612<\/a><\/li>\n\n    \n\t\n\n<li >\n\t<a href='?page_no=282'>Next<\/a>\n\t<\/li>\n\n\n    \n\n<li><a href='?page_no=13612'>Last &rsaquo;&rsaquo;<\/a><\/li>\n\n<\/ul>\n\n\n--><br \/>\n<\/body><\/p>\n","protected":false},"excerpt":{"rendered":"<p>OCHO DE MARZO 2020: \u00a1ENFRENTEMOS EL CAPITALISMO PATRIARCAL! Abundan las razones para que en esta fecha simb\u00f3lica y de gran valor hist\u00f3rico, el Movimiento Caama\u00f1ista-MC -organizaci\u00f3n que sustenta el ideal comunista de un mundo de libertad y justicia, sin opresores ni oprimidos\/as- exhorte a las mujeres trabajadoras y a todos los dominicanos y dominicanas que [&hellip;]<\/p>\n","protected":false},"author":3,"featured_media":0,"comment_status":"open","ping_status":"open","sticky":false,"template":"","format":"standard","meta":{"footnotes":""},"categories":[16],"tags":[],"class_list":["post-39504","post","type-post","status-publish","format-standard","hentry","category-opiniones"],"_links":{"self":[{"href":"https:\/\/diariodominicano.com\/index.php?rest_route=\/wp\/v2\/posts\/39504","targetHints":{"allow":["GET"]}}],"collection":[{"href":"https:\/\/diariodominicano.com\/index.php?rest_route=\/wp\/v2\/posts"}],"about":[{"href":"https:\/\/diariodominicano.com\/index.php?rest_route=\/wp\/v2\/types\/post"}],"author":[{"embeddable":true,"href":"https:\/\/diariodominicano.com\/index.php?rest_route=\/wp\/v2\/users\/3"}],"replies":[{"embeddable":true,"href":"https:\/\/diariodominicano.com\/index.php?rest_route=%2Fwp%2Fv2%2Fcomments&post=39504"}],"version-history":[{"count":0,"href":"https:\/\/diariodominicano.com\/index.php?rest_route=\/wp\/v2\/posts\/39504\/revisions"}],"wp:attachment":[{"href":"https:\/\/diariodominicano.com\/index.php?rest_route=%2Fwp%2Fv2%2Fmedia&parent=39504"}],"wp:term":[{"taxonomy":"category","embeddable":true,"href":"https:\/\/diariodominicano.com\/index.php?rest_route=%2Fwp%2Fv2%2Fcategories&post=39504"},{"taxonomy":"post_tag","embeddable":true,"href":"https:\/\/diariodominicano.com\/index.php?rest_route=%2Fwp%2Fv2%2Ftags&post=39504"}],"curies":[{"name":"wp","href":"https:\/\/api.w.org\/{rel}","templated":true}]}}