{"id":395008,"date":"2022-11-04T15:54:43","date_gmt":"2022-11-04T19:54:43","guid":{"rendered":"http:\/\/diariodominicano.com\/?p=395008"},"modified":"2022-11-04T15:55:40","modified_gmt":"2022-11-04T19:55:40","slug":"policia-nacional-apresa-hombre-acusado-de-matar-a-otro-en-el-sector-rafey-tras-viejas-rencillas-personales","status":"publish","type":"post","link":"https:\/\/diariodominicano.com\/?p=395008","title":{"rendered":"Polic\u00eda Nacional apresa hombre acusado de matar  a otro en el sector Rafey, tras viejas rencillas personales"},"content":{"rendered":"\n<p>Identifica y persigue otro implicado en el hecho.<\/p>\n\n\n\n<p>Santiago, RD, 4 de Noviembre 2022.- La Polic\u00eda Nacional inform\u00f3 el viernes apres\u00f3 en el d\u00eda ayer, a un hombre&nbsp;&nbsp;que ultim\u00f3 a otro, en&nbsp;&nbsp;un conflicto social por&nbsp;&nbsp;viejas rencillas personales, en&nbsp;&nbsp;un hecho&nbsp;&nbsp;ocurrido 25 de septiembre del&nbsp;&nbsp;presente a\u00f1o, en el sector Rafey, de esta ciudad.<\/p>\n\n\n\n<p>El detenido&nbsp;&nbsp;es Anderson Emmanuel&nbsp;&nbsp;Rosario Ortega, de 23 a\u00f1os, quien junto a Jos\u00e9 Rafael Alvarez Chevalier (pr\u00f3fugo), est\u00e1n acusados de ser los autores de la muerte de Gerardo Alvarez Alvarez de 30 a\u00f1os, a consecuencia de heridas m\u00faltiples de arma de fuego.<\/p>\n\n\n\n<p>Rosario Ortega, fue apresado mediante orden de arresto No 09033-2020, seg\u00fan explica el parte policial.<\/p>\n\n\n\n<p>El imputado al ser depurado en los archivos policiales, figura con dos registros por porte ilegal de armas de fuego.<\/p>\n\n\n\n<p>En cuanto a Jos\u00e9 Rafael Alvarez Chevalier, se le hace un llamado a que se entregue por la v\u00eda que considere pertinente para ser procesado judicialmente por el hecho que se le imputa.<\/p>\n\n\n\n<p>El detenido fue enviado al Ministerio P\u00fablico para los fines legales correspondientes.<\/p>\n\n\n\n<p>policia nacional<a target=\"_blank\" href=\"mailto:npolicia14@gmail.com\" rel=\"noreferrer noopener\">npolicia14@gmail.com<\/a><\/p>\n\n\n\n<p>OFICINA DE INFORMACION Y COMUNICACIONES ESTRATEGICAS, DIRECCION REGIONAL CIBAO CENTRAL, P.N<\/p>\n","protected":false},"excerpt":{"rendered":"<p>Identifica y persigue otro implicado en el hecho. Santiago, RD, 4 de Noviembre 2022.- La Polic\u00eda Nacional inform\u00f3 el viernes apres\u00f3 en el d\u00eda ayer, a un hombre&nbsp;&nbsp;que ultim\u00f3 a otro, en&nbsp;&nbsp;un conflicto social por&nbsp;&nbsp;viejas rencillas personales, en&nbsp;&nbsp;un hecho&nbsp;&nbsp;ocurrido 25 de septiembre del&nbsp;&nbsp;presente a\u00f1o, en el sector Rafey, de esta ciudad. El detenido&nbsp;&nbsp;es Anderson Emmanuel&nbsp;&nbsp;Rosario [&hellip;]<\/p>\n","protected":false},"author":28,"featured_media":395010,"comment_status":"closed","ping_status":"","sticky":true,"template":"","format":"standard","meta":{"footnotes":""},"categories":[29,27],"tags":[],"class_list":["post-395008","post","type-post","status-publish","format-standard","has-post-thumbnail","hentry","category-policiasucesos","category-portada"],"_links":{"self":[{"href":"https:\/\/diariodominicano.com\/index.php?rest_route=\/wp\/v2\/posts\/395008","targetHints":{"allow":["GET"]}}],"collection":[{"href":"https:\/\/diariodominicano.com\/index.php?rest_route=\/wp\/v2\/posts"}],"about":[{"href":"https:\/\/diariodominicano.com\/index.php?rest_route=\/wp\/v2\/types\/post"}],"author":[{"embeddable":true,"href":"https:\/\/diariodominicano.com\/index.php?rest_route=\/wp\/v2\/users\/28"}],"replies":[{"embeddable":true,"href":"https:\/\/diariodominicano.com\/index.php?rest_route=%2Fwp%2Fv2%2Fcomments&post=395008"}],"version-history":[{"count":2,"href":"https:\/\/diariodominicano.com\/index.php?rest_route=\/wp\/v2\/posts\/395008\/revisions"}],"predecessor-version":[{"id":395012,"href":"https:\/\/diariodominicano.com\/index.php?rest_route=\/wp\/v2\/posts\/395008\/revisions\/395012"}],"wp:featuredmedia":[{"embeddable":true,"href":"https:\/\/diariodominicano.com\/index.php?rest_route=\/wp\/v2\/media\/395010"}],"wp:attachment":[{"href":"https:\/\/diariodominicano.com\/index.php?rest_route=%2Fwp%2Fv2%2Fmedia&parent=395008"}],"wp:term":[{"taxonomy":"category","embeddable":true,"href":"https:\/\/diariodominicano.com\/index.php?rest_route=%2Fwp%2Fv2%2Fcategories&post=395008"},{"taxonomy":"post_tag","embeddable":true,"href":"https:\/\/diariodominicano.com\/index.php?rest_route=%2Fwp%2Fv2%2Ftags&post=395008"}],"curies":[{"name":"wp","href":"https:\/\/api.w.org\/{rel}","templated":true}]}}