{"id":394818,"date":"2022-11-03T23:54:54","date_gmt":"2022-11-04T03:54:54","guid":{"rendered":"http:\/\/diariodominicano.com\/?p=394818"},"modified":"2022-11-03T23:58:03","modified_gmt":"2022-11-04T03:58:03","slug":"celebran-el-xxi-aniversario-del-servicio-militar-voluntario","status":"publish","type":"post","link":"https:\/\/diariodominicano.com\/?p=394818","title":{"rendered":"Celebran el XXI aniversario del Servicio Militar Voluntario"},"content":{"rendered":"\n<p> La homil\u00eda se llev\u00f3 a cabo en la Parroquia Nuestra Se\u00f1ora de la Altagracia, del MIDE y fue oficiada por el Capell\u00e1n Castrense, Coronel Geraldo Ram\u00edrez Paniagua, ERD. <\/p>\n\n\n\n<figure class=\"wp-block-image size-large\"><img loading=\"lazy\" decoding=\"async\" width=\"1024\" height=\"681\" src=\"https:\/\/diariodominicano.com\/wp-content\/uploads\/2022\/11\/WhatsApp-Image-2022-11-03-at-4.55.11-PM-1024x681.jpeg\" alt=\"\" class=\"wp-image-394821\" srcset=\"https:\/\/diariodominicano.com\/wp-content\/uploads\/2022\/11\/WhatsApp-Image-2022-11-03-at-4.55.11-PM-1024x681.jpeg 1024w, https:\/\/diariodominicano.com\/wp-content\/uploads\/2022\/11\/WhatsApp-Image-2022-11-03-at-4.55.11-PM-300x199.jpeg 300w, https:\/\/diariodominicano.com\/wp-content\/uploads\/2022\/11\/WhatsApp-Image-2022-11-03-at-4.55.11-PM-768x511.jpeg 768w, https:\/\/diariodominicano.com\/wp-content\/uploads\/2022\/11\/WhatsApp-Image-2022-11-03-at-4.55.11-PM-816x543.jpeg 816w, https:\/\/diariodominicano.com\/wp-content\/uploads\/2022\/11\/WhatsApp-Image-2022-11-03-at-4.55.11-PM.jpeg 1280w\" sizes=\"auto, (max-width: 1024px) 100vw, 1024px\" \/><\/figure>\n\n\n\n<figure class=\"wp-block-image size-large\"><img loading=\"lazy\" decoding=\"async\" width=\"1024\" height=\"681\" src=\"https:\/\/diariodominicano.com\/wp-content\/uploads\/2022\/11\/WhatsApp-Image-2022-11-03-at-4.54.34-PM-1024x681.jpeg\" alt=\"\" class=\"wp-image-394822\" srcset=\"https:\/\/diariodominicano.com\/wp-content\/uploads\/2022\/11\/WhatsApp-Image-2022-11-03-at-4.54.34-PM-1024x681.jpeg 1024w, https:\/\/diariodominicano.com\/wp-content\/uploads\/2022\/11\/WhatsApp-Image-2022-11-03-at-4.54.34-PM-300x199.jpeg 300w, https:\/\/diariodominicano.com\/wp-content\/uploads\/2022\/11\/WhatsApp-Image-2022-11-03-at-4.54.34-PM-768x511.jpeg 768w, https:\/\/diariodominicano.com\/wp-content\/uploads\/2022\/11\/WhatsApp-Image-2022-11-03-at-4.54.34-PM-816x543.jpeg 816w, https:\/\/diariodominicano.com\/wp-content\/uploads\/2022\/11\/WhatsApp-Image-2022-11-03-at-4.54.34-PM.jpeg 1280w\" sizes=\"auto, (max-width: 1024px) 100vw, 1024px\" \/><\/figure>\n\n\n\n<p><strong>SANTO DOMINGO<\/strong>.- El Servicio Militar Voluntario (SMV) celebr\u00f3 su XXI Aniversario con una misa en la que se resalt\u00f3 su labor social ininterrumpida y el aporte al desarrollo nacional formando j\u00f3venes de ambos sexos en valores y disciplina.<\/p>\n\n\n\n<p>El organismo, avalado por el Ministerio de Defensa (MIDE), ha tenido una importante trayectoria en la orientaci\u00f3n y educaci\u00f3n de la juventud para que alcance sus metas personales y afiancen el respeto y amor a los valores patrios, s\u00edmbolos y tradiciones culturales, resalt\u00f3 el General de Brigada Am\u00edlcar Fern\u00e1ndez Tejada, ERD., Director del Servicio Militar Voluntario (SMV).<\/p>\n\n\n\n<p>Especific\u00f3 que el prop\u00f3sito fundamental del SMV es implementar programas dirigidos a los j\u00f3venes con el prop\u00f3sito de promover el desarrollo social e impactar positivamente la conducta ciudadana mediante la instrucci\u00f3n c\u00edvica y militar.<\/p>\n\n\n\n<figure class=\"wp-block-image size-large\"><img loading=\"lazy\" decoding=\"async\" width=\"1024\" height=\"681\" src=\"https:\/\/diariodominicano.com\/wp-content\/uploads\/2022\/11\/WhatsApp-Image-2022-11-03-at-4.54.50-PM-1-1024x681.jpeg\" alt=\"\" class=\"wp-image-394824\" srcset=\"https:\/\/diariodominicano.com\/wp-content\/uploads\/2022\/11\/WhatsApp-Image-2022-11-03-at-4.54.50-PM-1-1024x681.jpeg 1024w, https:\/\/diariodominicano.com\/wp-content\/uploads\/2022\/11\/WhatsApp-Image-2022-11-03-at-4.54.50-PM-1-300x199.jpeg 300w, https:\/\/diariodominicano.com\/wp-content\/uploads\/2022\/11\/WhatsApp-Image-2022-11-03-at-4.54.50-PM-1-768x511.jpeg 768w, https:\/\/diariodominicano.com\/wp-content\/uploads\/2022\/11\/WhatsApp-Image-2022-11-03-at-4.54.50-PM-1-816x543.jpeg 816w, https:\/\/diariodominicano.com\/wp-content\/uploads\/2022\/11\/WhatsApp-Image-2022-11-03-at-4.54.50-PM-1.jpeg 1280w\" sizes=\"auto, (max-width: 1024px) 100vw, 1024px\" \/><figcaption>Parte de la asistencia<\/figcaption><\/figure>\n\n\n\n<p>La homil\u00eda se llev\u00f3 a cabo en la Parroquia Nuestra Se\u00f1ora de la Altagracia, del MIDE y fue oficiada por el Capell\u00e1n Castrense, Coronel Geraldo Ram\u00edrez Paniagua, ERD.<\/p>\n\n\n\n<p>En la actividad, encabezada por Fern\u00e1ndez Tejada, tambi\u00e9n participaron el Viceministro de Defensa para Asuntos Navales y Costeros, Vicealmirante Ram\u00f3n G. Betances Hern\u00e1ndez, ARD, quien represent\u00f3 al titular, Teniente General Carlos Luciano D\u00edaz Morfa, ERD.<\/p>\n\n\n\n<p>Igualmente estuvieron el Viceministro de Defensa para Asuntos A\u00e9reos y Espaciales, Mayor General Piloto Leonel A. Mu\u00f1oz Noboa, FARD; el Inspector General de las Fuerzas Armadas, Mayor General Miguel Rubio B\u00e1ez, ERD; el Subcomandante del Ej\u00e9rcito General de Brigada \u00c1ngel Alfredo Camacho Ubiera, ERD; el Subcomandante de la Armada, Contralmirante Segundo Ventura Garc\u00eda, ARD; el Subcomandante General de Brigada Paracaidista Mauricio L. Fern\u00e1ndez Garc\u00eda, FARD; el Director de la Comisi\u00f3n Militar y Policial del Ministerio de Obras P\u00fablicas y Comunicaciones, General de Brigada Rafael V\u00e1squez Esp\u00ednola, ERD., y otros representantes de diferentes dependencias del MIDE.<\/p>\n\n\n\n<p><strong><em>Departamento de Prensa<\/em><\/strong><\/p>\n\n\n\n<p><em><strong>Direcci\u00f3n de Asuntos Civiles del Estado Mayor Conjunto, J5<\/strong><\/em><\/p>\n\n\n\n<p><em><strong>Ministerio de Defensa de Rep\u00fablica Dominicana<\/strong><\/em><\/p>\n","protected":false},"excerpt":{"rendered":"<p>La homil\u00eda se llev\u00f3 a cabo en la Parroquia Nuestra Se\u00f1ora de la Altagracia, del MIDE y fue oficiada por el Capell\u00e1n Castrense, Coronel Geraldo Ram\u00edrez Paniagua, ERD. SANTO DOMINGO.- El Servicio Militar Voluntario (SMV) celebr\u00f3 su XXI Aniversario con una misa en la que se resalt\u00f3 su labor social ininterrumpida y el aporte al [&hellip;]<\/p>\n","protected":false},"author":28,"featured_media":394819,"comment_status":"closed","ping_status":"","sticky":true,"template":"","format":"standard","meta":{"footnotes":""},"categories":[26,27],"tags":[],"class_list":["post-394818","post","type-post","status-publish","format-standard","has-post-thumbnail","hentry","category-efemerides","category-portada"],"_links":{"self":[{"href":"https:\/\/diariodominicano.com\/index.php?rest_route=\/wp\/v2\/posts\/394818","targetHints":{"allow":["GET"]}}],"collection":[{"href":"https:\/\/diariodominicano.com\/index.php?rest_route=\/wp\/v2\/posts"}],"about":[{"href":"https:\/\/diariodominicano.com\/index.php?rest_route=\/wp\/v2\/types\/post"}],"author":[{"embeddable":true,"href":"https:\/\/diariodominicano.com\/index.php?rest_route=\/wp\/v2\/users\/28"}],"replies":[{"embeddable":true,"href":"https:\/\/diariodominicano.com\/index.php?rest_route=%2Fwp%2Fv2%2Fcomments&post=394818"}],"version-history":[{"count":4,"href":"https:\/\/diariodominicano.com\/index.php?rest_route=\/wp\/v2\/posts\/394818\/revisions"}],"predecessor-version":[{"id":394826,"href":"https:\/\/diariodominicano.com\/index.php?rest_route=\/wp\/v2\/posts\/394818\/revisions\/394826"}],"wp:featuredmedia":[{"embeddable":true,"href":"https:\/\/diariodominicano.com\/index.php?rest_route=\/wp\/v2\/media\/394819"}],"wp:attachment":[{"href":"https:\/\/diariodominicano.com\/index.php?rest_route=%2Fwp%2Fv2%2Fmedia&parent=394818"}],"wp:term":[{"taxonomy":"category","embeddable":true,"href":"https:\/\/diariodominicano.com\/index.php?rest_route=%2Fwp%2Fv2%2Fcategories&post=394818"},{"taxonomy":"post_tag","embeddable":true,"href":"https:\/\/diariodominicano.com\/index.php?rest_route=%2Fwp%2Fv2%2Ftags&post=394818"}],"curies":[{"name":"wp","href":"https:\/\/api.w.org\/{rel}","templated":true}]}}