{"id":39481,"date":"2020-03-08T00:23:01","date_gmt":"2020-03-08T00:23:01","guid":{"rendered":"http:\/\/diariodominicano.ddns.net\/?p=39481"},"modified":"2020-03-08T00:23:01","modified_gmt":"2020-03-08T00:23:01","slug":"rumbo-trazado-al-pais-y-al-mundo-por-la-cuaresma-cristiana","status":"publish","type":"post","link":"https:\/\/diariodominicano.com\/?p=39481","title":{"rendered":"Rumbo trazado al pa\u00eds y al mundo por la cuaresma cristiana"},"content":{"rendered":"<p><body><\/p>\n<p><strong>Diariodominicano.com<\/strong><\/p>\n<p><strong>Rumbo trazado al pa\u00eds y al mundo por la cuaresma cristiana <\/strong><\/p>\n<p><strong> <\/strong><\/p>\n<p><strong>Por:  Dr. Ys\u00f3crates Andr\u00e9s Pe\u00f1a Reyes. Director General del Consejo Regional de Desarrollo, Inc. (CRD).<\/strong><\/p>\n<\/p>\n<\/p>\n<p>Conforme a la visi\u00f3n de la Comisi\u00f3n de estrategias religiosas y espirituales del Consejo Regional de Desarrollo, Inc. (CRD) en torno un bien articulado desarrollo humano, la oportunidad que tiene cada dominicano y los habitantes de las diversas comunidades de la poblaci\u00f3n mundial de vivir a plenitud la Cuaresma, constituye aceptar que nuestra vida es vivir en Cristo, para trazarnos un mejor pensar y dar paso a los cambios sociales que exigen nuestros tiempos.<\/p>\n<\/p>\n<\/p>\n<p>Por lo tanto, llama asumir que no es un tiempo fuera de nosotros, es nuestro tiempo, es tiempo de Cristo y de toda la humanidad; es tiempo de conversi\u00f3n, adem\u00e1s de aprovechar la oportunidad que nos brinda el Alt\u00edsimo Dios para extinguir el pecado, en procura de una vida en santidad que nos haga dignos de entrar en el mundo de la vida eterna.<\/p>\n<\/p>\n<\/p>\n<p>Resaltando pues, que lo expuesto reviste  de una gran importancia para todos los que profesamos la fe cristiana y de otras creencias, ya que si lo practicamos con ardor y conciencia, nos convertiremos en verdadera luz y disc\u00edpulos de nuestro Mes\u00edas y Redentor, al experimentar la enriquecedora experiencia de no s\u00f3lo aceptar sus ideas y principios, sino tambi\u00e9n de asumirle y  dejar que \u00e9l nos  asuma.<\/p>\n<\/p>\n<p>En dicho sentido, es su firme convicci\u00f3n, que el tiempo cuaresmal que simboliza el retiro de 40 d\u00edas de Jes\u00fas en el desierto previo a su ministerio, y el retiro de 40 a\u00f1os de Mois\u00e9s en el desierto, teniendo su comienzo el mi\u00e9rcoles de ceniza y terminando el domingo de ramos, jam\u00e1s lo debemos tomar para la tristeza, sino para la meditaci\u00f3n, la reflexi\u00f3n, el recogimiento  y la conversi\u00f3n.<\/p>\n<\/p>\n<p>Cuyo pensar dimensiona su relevancia, tomando de eje que con la plena vivencia cuaresmal fortalecemos nuestra fe y nos  llenamos de una mayor esperanza, por permitirnos ver la incondicionalidad de Jesucristo, la raz\u00f3n de ser de su amor sin restricciones ni limitaciones que lo lleva a darse, entregarse y a morir por cada uno de nosotros, justific\u00e1ndonos y asumi\u00e9ndonos con su muerte y su Pascua, de tal modo, que a Dios le podemos llamar con toda confianza Padre, por habernos convertido en hermanos de fe de su hijo crucificado en pro de nuestra redenci\u00f3n y liberaci\u00f3n.<\/p>\n<\/p>\n<p>Siendo dichas tareas primordiales en el momento actual para el desarrollo humano y en particular del pa\u00eds, el Consejo Regional de Desarrollo, Inc. (CRD), invita proponernos vivir a plenitud la cuaresma en su verdadera dimensi\u00f3n social, asumiendo  como motor y gu\u00eda  de nuestras vidas, servir y amar al pr\u00f3jimo, a fin de edificar mejores familias y sociedades,  por tanto, un mundo mejor,  teniendo por columna principal los lineamientos que nos enmarcan las  ense\u00f1anzas de Jesucristo.<\/p>\n<\/p>\n<p> El autor es:<\/p>\n<\/p>\n<p>Por  Dr. Ys\u00f3crates Andr\u00e9s Pe\u00f1a Reyes, Director General del Consejo Regional de Desarrollo, Inc. (CRD),   Abogado y Polit\u00f3logo.  Correo: crd.consejoregionaldedesarrollo@yahoo.com. Tel. 809-244-5496.-San Francisco de Macor\u00eds. RD.<\/p>\n<h6> 2020-03-08 00:23:01 <\/h6>\n<p><!--\n<link rel=\"stylesheet\" href=\"css\/bootstrap.min.css\">\n\n\n<ul class=\"pagination\">\n\t    \n\t\n\n<li >\n\t<a href='?page_no=278'>Previous<\/a>\n\t<\/li>\n\n\n       \n    \n\n<li><a href='?page_no=1'>1<\/a><\/li>\n\n\n\n<li><a href='?page_no=2'>2<\/a><\/li>\n\n\n\n<li><a>...<\/a><\/li>\n\n\n\n<li><a href='?page_no=277'>277<\/a><\/li>\n\n\n\n<li><a href='?page_no=278'>278<\/a><\/li>\n\n\n\n<li class='active'><a>279<\/a><\/li>\n\n\n\n<li><a href='?page_no=280'>280<\/a><\/li>\n\n\n\n<li><a href='?page_no=281'>281<\/a><\/li>\n\n\n\n<li><a>...<\/a><\/li>\n\n\n\n<li><a href='?page_no=13611'>13611<\/a><\/li>\n\n\n\n<li><a href='?page_no=13612'>13612<\/a><\/li>\n\n    \n\t\n\n<li >\n\t<a href='?page_no=280'>Next<\/a>\n\t<\/li>\n\n\n    \n\n<li><a href='?page_no=13612'>Last &rsaquo;&rsaquo;<\/a><\/li>\n\n<\/ul>\n\n\n--><br \/>\n<\/body><\/p>\n","protected":false},"excerpt":{"rendered":"<p>Diariodominicano.com Rumbo trazado al pa\u00eds y al mundo por la cuaresma cristiana Por: Dr. Ys\u00f3crates Andr\u00e9s Pe\u00f1a Reyes. Director General del Consejo Regional de Desarrollo, Inc. (CRD). Conforme a la visi\u00f3n de la Comisi\u00f3n de estrategias religiosas y espirituales del Consejo Regional de Desarrollo, Inc. (CRD) en torno un bien articulado desarrollo humano, la oportunidad [&hellip;]<\/p>\n","protected":false},"author":3,"featured_media":0,"comment_status":"open","ping_status":"open","sticky":false,"template":"","format":"standard","meta":{"footnotes":""},"categories":[16],"tags":[],"class_list":["post-39481","post","type-post","status-publish","format-standard","hentry","category-opiniones"],"_links":{"self":[{"href":"https:\/\/diariodominicano.com\/index.php?rest_route=\/wp\/v2\/posts\/39481","targetHints":{"allow":["GET"]}}],"collection":[{"href":"https:\/\/diariodominicano.com\/index.php?rest_route=\/wp\/v2\/posts"}],"about":[{"href":"https:\/\/diariodominicano.com\/index.php?rest_route=\/wp\/v2\/types\/post"}],"author":[{"embeddable":true,"href":"https:\/\/diariodominicano.com\/index.php?rest_route=\/wp\/v2\/users\/3"}],"replies":[{"embeddable":true,"href":"https:\/\/diariodominicano.com\/index.php?rest_route=%2Fwp%2Fv2%2Fcomments&post=39481"}],"version-history":[{"count":0,"href":"https:\/\/diariodominicano.com\/index.php?rest_route=\/wp\/v2\/posts\/39481\/revisions"}],"wp:attachment":[{"href":"https:\/\/diariodominicano.com\/index.php?rest_route=%2Fwp%2Fv2%2Fmedia&parent=39481"}],"wp:term":[{"taxonomy":"category","embeddable":true,"href":"https:\/\/diariodominicano.com\/index.php?rest_route=%2Fwp%2Fv2%2Fcategories&post=39481"},{"taxonomy":"post_tag","embeddable":true,"href":"https:\/\/diariodominicano.com\/index.php?rest_route=%2Fwp%2Fv2%2Ftags&post=39481"}],"curies":[{"name":"wp","href":"https:\/\/api.w.org\/{rel}","templated":true}]}}