{"id":394783,"date":"2022-11-03T23:16:02","date_gmt":"2022-11-04T03:16:02","guid":{"rendered":"http:\/\/diariodominicano.com\/?p=394783"},"modified":"2022-11-03T23:22:26","modified_gmt":"2022-11-04T03:22:26","slug":"bienes-nacionales-conmemora-74-aniversario","status":"publish","type":"post","link":"https:\/\/diariodominicano.com\/?p=394783","title":{"rendered":"Bienes Nacionales Conmemora 74 Aniversario"},"content":{"rendered":"\n<p><\/p>\n\n\n\n<p><strong>Santo Domingo, R.D.-<\/strong> La Direcci\u00f3n General de Bienes Nacionales conmemor\u00f3 este jueves 74 aniversario de su fundaci\u00f3n, con diferentes actividades.<\/p>\n\n\n\n<p>Los festejos iniciaron con el izamiento de la Bandera Nacional, con la banda de m\u00fasica de la Fuerza A\u00e9rea, entonando las notas del Himno Nacional, en la explanada frontal de la instituci\u00f3n, donde el director general y honor\u00edfico del Consejo Estatal del Az\u00facar (CEA), Rafael Burgos G\u00f3mez, acompa\u00f1ado de funcionarios y empleados del CEA y Bienes Nacionales, exhort\u00f3 a los presentes a trabajar apegados a la \u00e9tica y transparencia.<\/p>\n\n\n\n<p>\u00abFelicito a todos los servidores de Bienes Nacionales por su dedicaci\u00f3n y entrega al desarrollo y fortalecimiento de los procesos institucionales\u00bb. indic\u00f3 Burgos G\u00f3mez.<\/p>\n\n\n\n<figure class=\"wp-block-image size-large\"><img loading=\"lazy\" decoding=\"async\" width=\"1024\" height=\"683\" src=\"https:\/\/diariodominicano.com\/wp-content\/uploads\/2022\/11\/CEA7848-1024x683.jpg\" alt=\"\" class=\"wp-image-394786\" srcset=\"https:\/\/diariodominicano.com\/wp-content\/uploads\/2022\/11\/CEA7848-1024x683.jpg 1024w, https:\/\/diariodominicano.com\/wp-content\/uploads\/2022\/11\/CEA7848-300x200.jpg 300w, https:\/\/diariodominicano.com\/wp-content\/uploads\/2022\/11\/CEA7848-768x512.jpg 768w, https:\/\/diariodominicano.com\/wp-content\/uploads\/2022\/11\/CEA7848-1536x1024.jpg 1536w, https:\/\/diariodominicano.com\/wp-content\/uploads\/2022\/11\/CEA7848-816x544.jpg 816w, https:\/\/diariodominicano.com\/wp-content\/uploads\/2022\/11\/CEA7848.jpg 2048w\" sizes=\"auto, (max-width: 1024px) 100vw, 1024px\" \/><\/figure>\n\n\n\n<p>Los festejos continuaron con una Eucarist\u00eda en la Catedral Primada de Am\u00e9rica, para dar gracias a Dios por la instituci\u00f3n y sus servidores.<\/p>\n\n\n\n<figure class=\"wp-block-image size-large\"><img loading=\"lazy\" decoding=\"async\" width=\"1024\" height=\"683\" src=\"https:\/\/diariodominicano.com\/wp-content\/uploads\/2022\/11\/DSC0276-1024x683.jpg\" alt=\"\" class=\"wp-image-394788\" srcset=\"https:\/\/diariodominicano.com\/wp-content\/uploads\/2022\/11\/DSC0276-1024x683.jpg 1024w, https:\/\/diariodominicano.com\/wp-content\/uploads\/2022\/11\/DSC0276-300x200.jpg 300w, https:\/\/diariodominicano.com\/wp-content\/uploads\/2022\/11\/DSC0276-768x512.jpg 768w, https:\/\/diariodominicano.com\/wp-content\/uploads\/2022\/11\/DSC0276-1536x1024.jpg 1536w, https:\/\/diariodominicano.com\/wp-content\/uploads\/2022\/11\/DSC0276-816x544.jpg 816w, https:\/\/diariodominicano.com\/wp-content\/uploads\/2022\/11\/DSC0276.jpg 2048w\" sizes=\"auto, (max-width: 1024px) 100vw, 1024px\" \/><\/figure>\n\n\n\n<figure class=\"wp-block-image size-large\"><img loading=\"lazy\" decoding=\"async\" width=\"1024\" height=\"683\" src=\"https:\/\/diariodominicano.com\/wp-content\/uploads\/2022\/11\/CEA7602-1024x683.jpg\" alt=\"\" class=\"wp-image-394789\" srcset=\"https:\/\/diariodominicano.com\/wp-content\/uploads\/2022\/11\/CEA7602-1024x683.jpg 1024w, https:\/\/diariodominicano.com\/wp-content\/uploads\/2022\/11\/CEA7602-300x200.jpg 300w, https:\/\/diariodominicano.com\/wp-content\/uploads\/2022\/11\/CEA7602-768x512.jpg 768w, https:\/\/diariodominicano.com\/wp-content\/uploads\/2022\/11\/CEA7602-1536x1024.jpg 1536w, https:\/\/diariodominicano.com\/wp-content\/uploads\/2022\/11\/CEA7602-816x544.jpg 816w, https:\/\/diariodominicano.com\/wp-content\/uploads\/2022\/11\/CEA7602.jpg 2048w\" sizes=\"auto, (max-width: 1024px) 100vw, 1024px\" \/><\/figure>\n\n\n\n<figure class=\"wp-block-image size-large\"><img loading=\"lazy\" decoding=\"async\" width=\"1024\" height=\"683\" src=\"https:\/\/diariodominicano.com\/wp-content\/uploads\/2022\/11\/CEA7854-1024x683.jpg\" alt=\"\" class=\"wp-image-394790\" srcset=\"https:\/\/diariodominicano.com\/wp-content\/uploads\/2022\/11\/CEA7854-1024x683.jpg 1024w, https:\/\/diariodominicano.com\/wp-content\/uploads\/2022\/11\/CEA7854-300x200.jpg 300w, https:\/\/diariodominicano.com\/wp-content\/uploads\/2022\/11\/CEA7854-768x512.jpg 768w, https:\/\/diariodominicano.com\/wp-content\/uploads\/2022\/11\/CEA7854-1536x1024.jpg 1536w, https:\/\/diariodominicano.com\/wp-content\/uploads\/2022\/11\/CEA7854-816x544.jpg 816w, https:\/\/diariodominicano.com\/wp-content\/uploads\/2022\/11\/CEA7854.jpg 2048w\" sizes=\"auto, (max-width: 1024px) 100vw, 1024px\" \/><figcaption> El  director general y honor\u00edfico del Consejo Estatal del Az\u00facar (CEA), Rafael Burgos G\u00f3mez, en el momento que habl\u00f3 en el acto.<\/figcaption><\/figure>\n\n\n\n<figure class=\"wp-block-image size-large\"><img loading=\"lazy\" decoding=\"async\" width=\"1024\" height=\"683\" src=\"https:\/\/diariodominicano.com\/wp-content\/uploads\/2022\/11\/DSC0311-1024x683.jpg\" alt=\"\" class=\"wp-image-394792\" srcset=\"https:\/\/diariodominicano.com\/wp-content\/uploads\/2022\/11\/DSC0311-1024x683.jpg 1024w, https:\/\/diariodominicano.com\/wp-content\/uploads\/2022\/11\/DSC0311-300x200.jpg 300w, https:\/\/diariodominicano.com\/wp-content\/uploads\/2022\/11\/DSC0311-768x512.jpg 768w, https:\/\/diariodominicano.com\/wp-content\/uploads\/2022\/11\/DSC0311-1536x1024.jpg 1536w, https:\/\/diariodominicano.com\/wp-content\/uploads\/2022\/11\/DSC0311-816x544.jpg 816w, https:\/\/diariodominicano.com\/wp-content\/uploads\/2022\/11\/DSC0311.jpg 2048w\" sizes=\"auto, (max-width: 1024px) 100vw, 1024px\" \/><\/figure>\n\n\n\n<p>Adem\u00e1s, se deposit\u00f3 una ofrenda floral en el Altar de la Patria, como reconocimiento a la lucha de los forjadores de la independencia dominicana.<\/p>\n\n\n\n<p><strong>Departamento de comunicaciones. Noviembre 2022.<\/strong><\/p>\n","protected":false},"excerpt":{"rendered":"<p>Santo Domingo, R.D.- La Direcci\u00f3n General de Bienes Nacionales conmemor\u00f3 este jueves 74 aniversario de su fundaci\u00f3n, con diferentes actividades. Los festejos iniciaron con el izamiento de la Bandera Nacional, con la banda de m\u00fasica de la Fuerza A\u00e9rea, entonando las notas del Himno Nacional, en la explanada frontal de la instituci\u00f3n, donde el director [&hellip;]<\/p>\n","protected":false},"author":28,"featured_media":394784,"comment_status":"closed","ping_status":"","sticky":true,"template":"","format":"standard","meta":{"footnotes":""},"categories":[20,26,27],"tags":[],"class_list":["post-394783","post","type-post","status-publish","format-standard","has-post-thumbnail","hentry","category-dominicana-hoy","category-efemerides","category-portada"],"_links":{"self":[{"href":"https:\/\/diariodominicano.com\/index.php?rest_route=\/wp\/v2\/posts\/394783","targetHints":{"allow":["GET"]}}],"collection":[{"href":"https:\/\/diariodominicano.com\/index.php?rest_route=\/wp\/v2\/posts"}],"about":[{"href":"https:\/\/diariodominicano.com\/index.php?rest_route=\/wp\/v2\/types\/post"}],"author":[{"embeddable":true,"href":"https:\/\/diariodominicano.com\/index.php?rest_route=\/wp\/v2\/users\/28"}],"replies":[{"embeddable":true,"href":"https:\/\/diariodominicano.com\/index.php?rest_route=%2Fwp%2Fv2%2Fcomments&post=394783"}],"version-history":[{"count":4,"href":"https:\/\/diariodominicano.com\/index.php?rest_route=\/wp\/v2\/posts\/394783\/revisions"}],"predecessor-version":[{"id":394793,"href":"https:\/\/diariodominicano.com\/index.php?rest_route=\/wp\/v2\/posts\/394783\/revisions\/394793"}],"wp:featuredmedia":[{"embeddable":true,"href":"https:\/\/diariodominicano.com\/index.php?rest_route=\/wp\/v2\/media\/394784"}],"wp:attachment":[{"href":"https:\/\/diariodominicano.com\/index.php?rest_route=%2Fwp%2Fv2%2Fmedia&parent=394783"}],"wp:term":[{"taxonomy":"category","embeddable":true,"href":"https:\/\/diariodominicano.com\/index.php?rest_route=%2Fwp%2Fv2%2Fcategories&post=394783"},{"taxonomy":"post_tag","embeddable":true,"href":"https:\/\/diariodominicano.com\/index.php?rest_route=%2Fwp%2Fv2%2Ftags&post=394783"}],"curies":[{"name":"wp","href":"https:\/\/api.w.org\/{rel}","templated":true}]}}