{"id":394696,"date":"2022-11-03T17:51:54","date_gmt":"2022-11-03T21:51:54","guid":{"rendered":"http:\/\/diariodominicano.com\/?p=394696"},"modified":"2022-11-03T17:51:54","modified_gmt":"2022-11-03T21:51:54","slug":"ministerio-publico-de-puerto-plata-obtiene-15-anos-de-prision-contra-hombre-que-violo-a-una-nina-de-11-anos","status":"publish","type":"post","link":"https:\/\/diariodominicano.com\/?p=394696","title":{"rendered":"Ministerio P\u00fablico de Puerto Plata obtiene 15 a\u00f1os de prisi\u00f3n contra hombre que viol\u00f3 a una ni\u00f1a de 11 a\u00f1os"},"content":{"rendered":"\n<p><\/p>\n\n\n\n<p>PUERTO PLATA, Rep\u00fablica Dominicana.- El Ministerio P\u00fablico de esta jurisdicci\u00f3n logr\u00f3 una condena de 15 a\u00f1os de prisi\u00f3n contra un hombre acusado de cometer abuso sexual en perjuicio de una ni\u00f1a de 11 a\u00f1os de edad, que era su vecina en el municipio Villa Montellano.<\/p>\n\n\n\n<p>El Tribunal Colegiado, que preside la magistrada Jakayra Veras, acogi\u00f3 las pruebas materiales, documentales, testimoniales y periciales que present\u00f3 la fiscalizadora Ana Mariela Hern\u00e1ndez, con lo que qued\u00f3 establecida la culpabilidad del procesado.<\/p>\n\n\n\n<p>El hombre debe cumplir la pena en el Centro de Correcci\u00f3n y Rehabilitaci\u00f3n (CCR) San Felipe, de Puerto Plata.<\/p>\n\n\n\n<p>La acusaci\u00f3n estructurada por la investigadora Evelina Suero establece que mientras la menor de edad iba a la casa del vecino a buscar a su hermana de ocho a\u00f1os que jugaba con una hija del procesado, \u00e9ste abusaba de ella y le amenazaba constantemente con matarla a ella o alg\u00fan familiar si contaba lo sucedido.<\/p>\n\n\n\n<p>El Ministerio P\u00fablico otorg\u00f3 al caso la calificaci\u00f3n jur\u00eddica provisional de violaci\u00f3n al art\u00edculo 331 del C\u00f3digo Penal y 396 del C\u00f3digo para el Sistema de Protecci\u00f3n y los Derechos Fundamentales de los Ni\u00f1os, Ni\u00f1as y Adolescentes (Ley 136-03), que tipifican y sancionan la violaci\u00f3n sexual y el abuso psicol\u00f3gico cometido contra los ni\u00f1os, ni\u00f1as y adolescentes.<\/p>\n\n\n\n<p><strong>Direcci\u00f3n de Comunicaci\u00f3n y Prensa<\/strong><strong><\/strong><\/p>\n\n\n\n<p><strong>Procuradur\u00eda General-Ministerio P\u00fablico RD<\/strong><\/p>\n\n\n\n<p><strong>Jueves, 3 de noviembre de 2022.<\/strong><\/p>\n","protected":false},"excerpt":{"rendered":"<p>PUERTO PLATA, Rep\u00fablica Dominicana.- El Ministerio P\u00fablico de esta jurisdicci\u00f3n logr\u00f3 una condena de 15 a\u00f1os de prisi\u00f3n contra un hombre acusado de cometer abuso sexual en perjuicio de una ni\u00f1a de 11 a\u00f1os de edad, que era su vecina en el municipio Villa Montellano. El Tribunal Colegiado, que preside la magistrada Jakayra Veras, acogi\u00f3 [&hellip;]<\/p>\n","protected":false},"author":28,"featured_media":371040,"comment_status":"closed","ping_status":"","sticky":true,"template":"","format":"standard","meta":{"footnotes":""},"categories":[24,29,27],"tags":[],"class_list":["post-394696","post","type-post","status-publish","format-standard","has-post-thumbnail","hentry","category-justicia-y-derecho","category-policiasucesos","category-portada"],"_links":{"self":[{"href":"https:\/\/diariodominicano.com\/index.php?rest_route=\/wp\/v2\/posts\/394696","targetHints":{"allow":["GET"]}}],"collection":[{"href":"https:\/\/diariodominicano.com\/index.php?rest_route=\/wp\/v2\/posts"}],"about":[{"href":"https:\/\/diariodominicano.com\/index.php?rest_route=\/wp\/v2\/types\/post"}],"author":[{"embeddable":true,"href":"https:\/\/diariodominicano.com\/index.php?rest_route=\/wp\/v2\/users\/28"}],"replies":[{"embeddable":true,"href":"https:\/\/diariodominicano.com\/index.php?rest_route=%2Fwp%2Fv2%2Fcomments&post=394696"}],"version-history":[{"count":1,"href":"https:\/\/diariodominicano.com\/index.php?rest_route=\/wp\/v2\/posts\/394696\/revisions"}],"predecessor-version":[{"id":394697,"href":"https:\/\/diariodominicano.com\/index.php?rest_route=\/wp\/v2\/posts\/394696\/revisions\/394697"}],"wp:featuredmedia":[{"embeddable":true,"href":"https:\/\/diariodominicano.com\/index.php?rest_route=\/wp\/v2\/media\/371040"}],"wp:attachment":[{"href":"https:\/\/diariodominicano.com\/index.php?rest_route=%2Fwp%2Fv2%2Fmedia&parent=394696"}],"wp:term":[{"taxonomy":"category","embeddable":true,"href":"https:\/\/diariodominicano.com\/index.php?rest_route=%2Fwp%2Fv2%2Fcategories&post=394696"},{"taxonomy":"post_tag","embeddable":true,"href":"https:\/\/diariodominicano.com\/index.php?rest_route=%2Fwp%2Fv2%2Ftags&post=394696"}],"curies":[{"name":"wp","href":"https:\/\/api.w.org\/{rel}","templated":true}]}}