{"id":394671,"date":"2022-11-03T14:47:37","date_gmt":"2022-11-03T18:47:37","guid":{"rendered":"http:\/\/diariodominicano.com\/?p=394671"},"modified":"2022-11-03T14:48:21","modified_gmt":"2022-11-03T18:48:21","slug":"pn-apresa-hombre-acusado-de-ultimar-a-otro-en-el-sector-pueblo-nuevo-de-santiago-tras-conflicto-por-asuntos-pasionales","status":"publish","type":"post","link":"https:\/\/diariodominicano.com\/?p=394671","title":{"rendered":"PN apresa hombre acusado de ultimar a otro en el sector Pueblo Nuevo de Santiago, tras conflicto por asuntos pasionales"},"content":{"rendered":"\n<p><\/p>\n\n\n\n<p><strong>Santiago, RD, 3 de Noviembre 2022.-<\/strong>\u00a0\u00a0Polic\u00eda Nacional inform\u00f3 que apres\u00f3 a un hombre acusado de matar a otro, tras un conflicto por asuntos pasionales, en un hecho ocurrido el d\u00eda 1 del presente mes,\u00a0\u00a0en el sector\u00a0Pueblo Nuevo, de esta ciudad.<\/p>\n\n\n\n<p>El detenido es Reny De Jes\u00fas Dom\u00ednguez De Le\u00f3n, 21 a\u00f1os de edad, quien fue apresado mediante orden de arresto No. 09385-2022, por ser el presunto autor de ocasionarle la muerte por heridas de arma blanca a\u00a0\u00a0Juan Andr\u00e9s Rodr\u00edguez Pacheco, (Andresito), 38 a\u00f1os de edad, inform\u00f3 la Polic\u00eda en un comunicado de prensa.<\/p>\n\n\n\n<p>Al ser examinado el cad\u00e1ver de la v\u00edctima por el m\u00e9dico forense actuante en el caso, certific\u00f3 que  Rodr\u00edguez Pacheco falleci\u00f3 a causa de heridas de arma blanca\u00a0\u00a0en distintas partes del cuerpo.<\/p>\n\n\n\n<p>&nbsp;El hecho se produjo momentos en que el hoy occiso se encontraba compartiendo con unos amigos en su residencia y se presentara su victimario, circunstancias en que se origin\u00f3 una discusi\u00f3n entre ellos, lo que dej\u00f3 como resultado la muerte de Rodr\u00edguez.<\/p>\n\n\n\n<p>El proceso investigativo hecho por los agentes de la Divisi\u00f3n de Homicidio, determino que el conflicto entre los dos hombres fue por el amor de una mujer conocida como la Mal\u00e9fica.<\/p>\n\n\n\n<p>El detenido est\u00e1 en poder del Ministerio P\u00fablico para los fines de ley correspondientes, se\u00f1ala el informe de la PN.<\/p>\n\n\n\n<p><strong>SUBDIRECCI\u00d3N DE COMUNICACIONES ESTRAT\u00c9GICAS&nbsp;DE LA POLIC\u00cdA&nbsp;NACIONAL DIRECCI\u00d3N REGIONAL CIBAO CENTRAL<\/strong><\/p>\n","protected":false},"excerpt":{"rendered":"<p>Santiago, RD, 3 de Noviembre 2022.-\u00a0\u00a0Polic\u00eda Nacional inform\u00f3 que apres\u00f3 a un hombre acusado de matar a otro, tras un conflicto por asuntos pasionales, en un hecho ocurrido el d\u00eda 1 del presente mes,\u00a0\u00a0en el sector\u00a0Pueblo Nuevo, de esta ciudad. El detenido es Reny De Jes\u00fas Dom\u00ednguez De Le\u00f3n, 21 a\u00f1os de edad, quien fue [&hellip;]<\/p>\n","protected":false},"author":28,"featured_media":394672,"comment_status":"closed","ping_status":"","sticky":true,"template":"","format":"standard","meta":{"footnotes":""},"categories":[29,27],"tags":[],"class_list":["post-394671","post","type-post","status-publish","format-standard","has-post-thumbnail","hentry","category-policiasucesos","category-portada"],"_links":{"self":[{"href":"https:\/\/diariodominicano.com\/index.php?rest_route=\/wp\/v2\/posts\/394671","targetHints":{"allow":["GET"]}}],"collection":[{"href":"https:\/\/diariodominicano.com\/index.php?rest_route=\/wp\/v2\/posts"}],"about":[{"href":"https:\/\/diariodominicano.com\/index.php?rest_route=\/wp\/v2\/types\/post"}],"author":[{"embeddable":true,"href":"https:\/\/diariodominicano.com\/index.php?rest_route=\/wp\/v2\/users\/28"}],"replies":[{"embeddable":true,"href":"https:\/\/diariodominicano.com\/index.php?rest_route=%2Fwp%2Fv2%2Fcomments&post=394671"}],"version-history":[{"count":3,"href":"https:\/\/diariodominicano.com\/index.php?rest_route=\/wp\/v2\/posts\/394671\/revisions"}],"predecessor-version":[{"id":394675,"href":"https:\/\/diariodominicano.com\/index.php?rest_route=\/wp\/v2\/posts\/394671\/revisions\/394675"}],"wp:featuredmedia":[{"embeddable":true,"href":"https:\/\/diariodominicano.com\/index.php?rest_route=\/wp\/v2\/media\/394672"}],"wp:attachment":[{"href":"https:\/\/diariodominicano.com\/index.php?rest_route=%2Fwp%2Fv2%2Fmedia&parent=394671"}],"wp:term":[{"taxonomy":"category","embeddable":true,"href":"https:\/\/diariodominicano.com\/index.php?rest_route=%2Fwp%2Fv2%2Fcategories&post=394671"},{"taxonomy":"post_tag","embeddable":true,"href":"https:\/\/diariodominicano.com\/index.php?rest_route=%2Fwp%2Fv2%2Ftags&post=394671"}],"curies":[{"name":"wp","href":"https:\/\/api.w.org\/{rel}","templated":true}]}}