{"id":394619,"date":"2022-11-03T11:54:24","date_gmt":"2022-11-03T15:54:24","guid":{"rendered":"http:\/\/diariodominicano.com\/?p=394619"},"modified":"2022-11-03T13:37:12","modified_gmt":"2022-11-03T17:37:12","slug":"fiscalia-y-pn-en-santiago-orientan-a-estudiantes-acerca-de-los-riesgos-de-la-trata-y-trafico-de-personas","status":"publish","type":"post","link":"https:\/\/diariodominicano.com\/?p=394619","title":{"rendered":"Fiscal\u00eda y PN en Santiago orientan a estudiantes acerca de los riesgos de la trata y tr\u00e1fico de personas"},"content":{"rendered":"\n<p>diariodominicano.com<\/p>\n\n\n\n<p>Santiago, R. D., 3 de noviembre, 2022.- Con la finalidad de orientar a adolescentes y j\u00f3venes sobre los riesgos de la trata de personas, la Fiscal\u00eda de Santiago y el Departamento de Trata y Tr\u00e1fico de Personas de la Polic\u00eda Nacional, ofrecieron una charla dirigida a estudiantes del Liceo Jos\u00e9 Antonio Paulino en el distrito municipal Pedro Garc\u00eda, al norte de esta provincia.<\/p>\n\n\n\n<p>En la disertaci\u00f3n, ante estudiantes del 3ro., 4to. y 5to grado del nivel secundario, se enfatiz\u00f3 sobre los riesgos de este delito que afecta por igual a ni\u00f1os, ni\u00f1as y adolescentes, as\u00ed como a mujeres y hombres. Adem\u00e1s, vulnera el derecho a la libertad y la dignidad de las personas afectadas, a quienes se les expone, tambi\u00e9n, a otros agravios como la explotaci\u00f3n sexual y laboral.<\/p>\n\n\n\n<p>La Fiscal\u00eda de Santiago ha concertado junto a la Polic\u00eda Nacional, el desarrollo de estas charlas educativas con el inter\u00e9s de generar conciencia, y de promover y proteger derechos. Tambi\u00e9n, porque a trav\u00e9s de las distintas plataformas digitales, la poblaci\u00f3n estudiantil se enfrenta a estos peligros.<\/p>\n\n\n\n<p>El \u00f3rgano de persecuci\u00f3n penal tiene como instrumento de actuaci\u00f3n legal la Ley 137-03 sobre Tr\u00e1fico Il\u00edcito de Migrantes y Trata de Personas, en la que se contemplan sanciones.<\/p>\n\n\n\n<p>Fuente:  <strong>Direcci\u00f3n de Comunicaci\u00f3n y Prensa<\/strong><\/p>\n\n\n\n<p><strong>Procuradur\u00eda General-Ministerio P\u00fablico RD<\/strong><\/p>\n\n\n\n<p><strong>Jueves, 3 de noviembre de 2022<\/strong><\/p>\n\n\n\n<p><strong>Direcci\u00f3n General de Comunicaciones, Prensa y Relaciones P\u00fablicas<\/strong><\/p>\n\n\n\n<p>Procuradur\u00eda General de la Rep\u00fablica Dominicana<\/p>\n\n\n\n<p><\/p>\n","protected":false},"excerpt":{"rendered":"<p>diariodominicano.com Santiago, R. D., 3 de noviembre, 2022.- Con la finalidad de orientar a adolescentes y j\u00f3venes sobre los riesgos de la trata de personas, la Fiscal\u00eda de Santiago y el Departamento de Trata y Tr\u00e1fico de Personas de la Polic\u00eda Nacional, ofrecieron una charla dirigida a estudiantes del Liceo Jos\u00e9 Antonio Paulino en el [&hellip;]<\/p>\n","protected":false},"author":5,"featured_media":394659,"comment_status":"closed","ping_status":"","sticky":true,"template":"","format":"standard","meta":{"footnotes":""},"categories":[29,27],"tags":[],"class_list":["post-394619","post","type-post","status-publish","format-standard","has-post-thumbnail","hentry","category-policiasucesos","category-portada"],"_links":{"self":[{"href":"https:\/\/diariodominicano.com\/index.php?rest_route=\/wp\/v2\/posts\/394619","targetHints":{"allow":["GET"]}}],"collection":[{"href":"https:\/\/diariodominicano.com\/index.php?rest_route=\/wp\/v2\/posts"}],"about":[{"href":"https:\/\/diariodominicano.com\/index.php?rest_route=\/wp\/v2\/types\/post"}],"author":[{"embeddable":true,"href":"https:\/\/diariodominicano.com\/index.php?rest_route=\/wp\/v2\/users\/5"}],"replies":[{"embeddable":true,"href":"https:\/\/diariodominicano.com\/index.php?rest_route=%2Fwp%2Fv2%2Fcomments&post=394619"}],"version-history":[{"count":1,"href":"https:\/\/diariodominicano.com\/index.php?rest_route=\/wp\/v2\/posts\/394619\/revisions"}],"predecessor-version":[{"id":394620,"href":"https:\/\/diariodominicano.com\/index.php?rest_route=\/wp\/v2\/posts\/394619\/revisions\/394620"}],"wp:featuredmedia":[{"embeddable":true,"href":"https:\/\/diariodominicano.com\/index.php?rest_route=\/wp\/v2\/media\/394659"}],"wp:attachment":[{"href":"https:\/\/diariodominicano.com\/index.php?rest_route=%2Fwp%2Fv2%2Fmedia&parent=394619"}],"wp:term":[{"taxonomy":"category","embeddable":true,"href":"https:\/\/diariodominicano.com\/index.php?rest_route=%2Fwp%2Fv2%2Fcategories&post=394619"},{"taxonomy":"post_tag","embeddable":true,"href":"https:\/\/diariodominicano.com\/index.php?rest_route=%2Fwp%2Fv2%2Ftags&post=394619"}],"curies":[{"name":"wp","href":"https:\/\/api.w.org\/{rel}","templated":true}]}}