{"id":394594,"date":"2022-11-03T10:05:27","date_gmt":"2022-11-03T14:05:27","guid":{"rendered":"http:\/\/diariodominicano.com\/?p=394594"},"modified":"2022-11-03T10:24:36","modified_gmt":"2022-11-03T14:24:36","slug":"fallecio-el-miercoles-salvador-lluberes-montas","status":"publish","type":"post","link":"https:\/\/diariodominicano.com\/?p=394594","title":{"rendered":"Falleci\u00f3 ayer Salvador Lluberes Mont\u00e1s \u201cChinino\u201d"},"content":{"rendered":"\n<ul class=\"wp-block-list\"><li><a href=\"https:\/\/images2.listindiario.com\/imagen\/2022\/11\/03\/746\/746335\/680x460\/202211030205411\/fallecio-ayer-salvador-lluberes-montas-chinino.jpeg\"><\/a>Balaguer,condecorando a Salvador Lluberes Mont\u00e1s<\/li><\/ul>\n\n\n\n<p><strong>Santo Domingo, 3 de noviembre de 2022,  RD<\/strong><\/p>\n\n\n\n<p>Muri\u00f3 ayer, a los 90 a\u00f1os de edad, Salvador Lluberes Mont\u00e1s \u201cChinino\u201d, jefe de&nbsp; la Fuerza A\u00e9rea Dominicana y&nbsp; de la Polic\u00eda Nacional durante los gobiernos del presidente Joaqu\u00edn Balaguer.<\/p>\n\n\n\n<p>Tambi\u00e9n fue secretario de Interior y Polic\u00eda.<\/p>\n\n\n\n<p>Lluberes Mont\u00e1s muri\u00f3 a causa de un infarto mientras dorm\u00eda en su residencia de Casa de Campo, en La Romana.&nbsp;&nbsp;<\/p>\n\n\n\n<p>El nombre de Lluberes Mont\u00e1s est\u00e1&nbsp; atado al asesinato del periodista Orlando Mart\u00ednez Howly, ocurrido el 17 de marzo de 1975, y por el cual fue acusado y se\u00f1alado en innumerables ocasiones como uno de sus responsables.<\/p>\n\n\n\n<p>Hasta la justicia fueron llevados el cabo de la Fuerza A\u00e9rea, Mariano Dur\u00e1n Cabrera; tambi\u00e9n Rafael Alfredo Lluberes Ricart (Lluberito); Joaqu\u00edn Antonio Pou Castro, mayor del Ej\u00e9rcito Nacional; Luis Emilio de la Rosa Beras, Jos\u00e9 Isidoro Mart\u00ednez Gonz\u00e1lez y el propio Salvador Lluberes Mont\u00e1s (Chinino), quien finalmente fue descargado del proceso. Siempre se ha se\u00f1alado que la muerte del destacado periodista se debi\u00f3 a la publicaci\u00f3n de un articulo titulado \u201c\u00bfPor qu\u00e9 no, doctor Balaguer?\u201d,&nbsp;<\/p>\n\n\n\n<p>El pasado jerarca militar estaba retirado de la vida p\u00fablica desde hace a\u00f1os, hasta que en febrero de 2021 fue v\u00edctima de un asalto en su residencia.<\/p>\n\n\n\n<p>List\u00edn Diario 3 de noviembre de 2022.<\/p>\n\n\n\n<p><strong>Falleci\u00f3 ayer  Salvador Lluberes Mont\u00e1s<\/strong><\/p>\n\n\n\n<p>El exjefe de la Fuerza A\u00e9rea Dominicana, general retirado Salvador Lluberes Mont\u00e1s (Chinino), muri\u00f3 el 2 de noviembre de 2022  a causa de un infarto mientras dorm\u00eda en su residencia en Casa de Campo, en La Romana.<br><br>Seg\u00fan informaron fuentes de su familia, el exmilitar falleci\u00f3 mientras dorm\u00eda a causa de un infarto. Ten\u00eda 90 a\u00f1os, estaba retirado de la vida p\u00fablica y resid\u00eda en La Romana, en el complejo tur\u00edstico Casa de Campo.<br><br>En su carrera ocup\u00f3 los cargos de Jefe de Estado Mayor de la Fuerza A\u00e9rea Dominicana y Jefe de la Polic\u00eda Nocional, durante los gobiernos de Joaqu\u00edn Balaguer, entre 1966 y 1978.<br><br>En los gobiernos de Joaqu\u00edn Balaguer tambi\u00e9n fue secretario de Interior y Polic\u00eda.<br><br>Aunque su nombre apareci\u00f3 en las investigaciones sobre la planificaci\u00f3n y la ejecuci\u00f3n del asesinato del periodista Orlando Mart\u00ednez, por razones de salud lo separaron del grupo que enviaron a juicio. <\/p>\n\n\n\n<p>Nunca juzgaron a el general Lluberes Mont\u00e1s.<\/p>\n\n\n\n<p> <strong><a href=\"https:\/\/www.elcaribe.com.do\/autor\/elcaribe\/\">El Caribe<\/a><\/strong><a href=\"https:\/\/www.elcaribe.com.do\/panorama\/pais\/fallecio-ayer-salvador-lluberes-montas\/\"><time datetime=\"2022-11-03T00:00:00-04:00\"> 3 noviembre, 2022<\/time><\/a>.\u00a0 <\/p>\n\n\n\n<p><\/p>\n\n\n\n<h1 class=\"wp-block-heading\">Muri\u00f3 Salvador Lluberes Mont\u00e1s \u00abChinino\u00bb, a los 90 a\u00f1os<\/h1>\n\n\n\n<figure class=\"wp-block-table\"><table><tbody><tr><td><\/td><\/tr><\/tbody><\/table><\/figure>\n\n\n\n<figure class=\"wp-block-image size-full\"><img loading=\"lazy\" decoding=\"async\" width=\"388\" height=\"460\" src=\"https:\/\/diariodominicano.com\/wp-content\/uploads\/2022\/11\/Salvador-Lluberes-Montas-000.webp\" alt=\"\" class=\"wp-image-394609\" srcset=\"https:\/\/diariodominicano.com\/wp-content\/uploads\/2022\/11\/Salvador-Lluberes-Montas-000.webp 388w, https:\/\/diariodominicano.com\/wp-content\/uploads\/2022\/11\/Salvador-Lluberes-Montas-000-253x300.webp 253w\" sizes=\"auto, (max-width: 388px) 100vw, 388px\" \/><figcaption>Salvador Lluberes Mont\u00e1s<\/figcaption><\/figure>\n\n\n\n<ul class=\"wp-block-list\"><li><a href=\"https:\/\/images2.listindiario.com\/n\/content\/746\/746254\/p\/680x460\/202211021614361.jpeg\"><\/a>Salvador Lluberes Mont\u00e1s&nbsp;<\/li><\/ul>\n\n\n\n<p><strong>Redacci\u00f3n Digital<\/strong><strong>Santo Domingo, RD.<\/strong><\/p>\n\n\n\n<p>Muri\u00f3 hoy, 2 de noviembre de 2022, \u00a0<strong>Salvador Lluberes Mont\u00e1s \u00abChinino\u00bb<\/strong>, pasado jefe de la Fuerza A\u00e9rea Dominicana y de la Polic\u00eda Nacional durante los gobiernos del expresidente Joaqu\u00edn Balaguer.<\/p>\n\n\n\n<p>Lluberes Mont\u00e1s muri\u00f3 de un infarto mientras dorm\u00eda en su residencia en Casa de Campo, en La Romana. Ten\u00eda 90 a\u00f1os.<\/p>\n\n\n\n<p>En los gobiernos de&nbsp;<strong>Joaqu\u00edn Balaguer<\/strong>&nbsp;fue secretario de Interior y Polic\u00eda.<\/p>\n\n\n\n<p>El nombre de Lluberes Mont\u00e1s est\u00e1 irremediablemente atado al asesinato del periodista&nbsp;<a href=\"https:\/\/listindiario.com\/la-republica\/2022\/03\/17\/713380\/orlando-martinez-howley-47-anos-de-un-asesinato-que-busco-callar-al-periodismo-dominicano\"><strong>Orlando Mart\u00ednez Howly<\/strong><\/a>,&nbsp;ocurrido el 17 de marzo de 1975, y por el cual fue acusado y se\u00f1alado en innumerables ocasiones como uno de sus responsables.<\/p>\n\n\n\n<p>Hasta la justicia fueron llevados el cabo de la Fuerza A\u00e9rea, Mariano Dur\u00e1n Cabrera; tambi\u00e9n Rafael Alfredo Lluberes Ricart (Lluberito); Joaqu\u00edn Antonio Pou Castro, mayor del Ej\u00e9rcito Nacional; Luis Emilio de la Rosa Beras, Jos\u00e9 Isidoro Mart\u00ednez Gonz\u00e1lez y el propio Salvador Lluberes Mont\u00e1s (Chinino), quien finalmente fue descargado del proceso.<\/p>\n\n\n\n<p>Siempre se ha se\u00f1alado que la muerte del destacado periodista se debi\u00f3 a la publicaci\u00f3n de un articulo titulado&nbsp;<a href=\"https:\/\/planlea.listindiario.com\/2021\/03\/el-articulo-que-le-costo-la-vida-a-orlando-martinez\/\"><strong>\u00ab\u00bfPor qu\u00e9 no, doctor Balaguer?\u00bb<\/strong><\/a>,&nbsp;&nbsp;<\/p>\n\n\n\n<p>El pasado jerarca militar estaba retirado de la vida p\u00fablica desde hace a\u00f1os,&nbsp;<a href=\"https:\/\/listindiario.com\/la-republica\/2021\/02\/11\/656614\/asaltan-casa-a-exjefe-de-la-policia-nacional-y-de-fuerzas-armadas\"><strong>hasta que en el a\u00f1o 2021, en el mes de febrero<\/strong><\/a>,&nbsp;fue v\u00edctima de un&nbsp;<strong>asalto en su residencia.<\/strong>&nbsp;El general retirado fue golpeado por los asaltantes.<\/p>\n\n\n\n<p>En el asalto le fueron robados 6.4 millones de d\u00f3lares. La noticia del robo del dinero causo revuelo en c\u00edrculos sociales y redes sociales, qu\u00e9 cuestionaban la procedencia de la fortuna.<\/p>\n\n\n\n<p>Eso motiv\u00f3 a que el general, en junio del mismo a\u00f1o, dijera que se trataba del dinero acumulado durante 40 a\u00f1os de vida laboral en el pa\u00eds.<\/p>\n\n\n\n<h2 class=\"wp-block-heading\"><strong>El caso Orlando<\/strong><\/h2>\n\n\n\n<p>En el a\u00f1o 2005, el abogado&nbsp;<strong>Juan Miguel Castillo Pantale\u00f3n,<\/strong>&nbsp;quien fue juez de instrucci\u00f3n que investig\u00f3 el caso, se\u00f1al\u00f3 que sin lugar a dudas la orden de asesinar al periodista Orlando Mart\u00ednez la dio el general retirado Salvador Lluberes Mont\u00e1s (Chinino).<\/p>\n\n\n\n<p>\u201c\u00c9l puede argumentar lo que quiera por el resto de su vida, negar que haya dado la orden, en eso tiene ocho a\u00f1os, dizque muri\u00e9ndose, pero bebiendo whisky\u201d, le Castillo Pantale\u00f3n al diario Hoy el 7 de abril de 2005.<\/p>\n\n\n\n<p>Los acusados y condenados por el caso fueron el general&nbsp;<strong>retirado Joaqu\u00edn Antonio Pou Castro,<\/strong>&nbsp;Rafael Alfredo Lluberes Ricart (Lluberito), el ex cabo Mariano Cabrera Dur\u00e1n y Luis Emilio de la Rosa Beras<\/p>\n\n\n\n<p>La entonces jueza de la S\u00e9ptima C\u00e1mara Penal, Katia Miguelina Jim\u00e9nez, los conden\u00f3 en primera instancia a 30 a\u00f1os de prisi\u00f3n por el asesinato del periodista. Pero, el 25 de julio de 2003, la Segunda Sala de la C\u00e1mara Penal de la Corte de Apelaci\u00f3n de Santo Domingo anul\u00f3 en todas sus partes la sentencia alegando violaci\u00f3n al derecho procesal de los imputados.<\/p>\n\n\n\n<p>En diciembre del a\u00f1o 2007, la&nbsp;<strong>Suprema Corte de Justicia<\/strong>&nbsp;aument\u00f3 la condena a 30 a\u00f1os contra Pou Castro, por encontrarlo culpable como coautor del asesinato del periodista Orlando Mart\u00ednez.<\/p>\n\n\n\n<p>En mayo de ese a\u00f1o, Pou Castro hab\u00eda sido condenado a 20 a\u00f1os como complice del asesinato. Su participaci\u00f3n en el crimen fue la de chocar el veh\u00edculo del periodista Orlando Mart\u00ednez para que los dem\u00e1s implicados lo matara.<\/p>\n\n\n\n<p>List\u00edn Diario edici\u00f3n digital 2 de noviembre de 2022.<\/p>\n","protected":false},"excerpt":{"rendered":"<p>Balaguer,condecorando a Salvador Lluberes Mont\u00e1s Santo Domingo, 3 de noviembre de 2022, RD Muri\u00f3 ayer, a los 90 a\u00f1os de edad, Salvador Lluberes Mont\u00e1s \u201cChinino\u201d, jefe de&nbsp; la Fuerza A\u00e9rea Dominicana y&nbsp; de la Polic\u00eda Nacional durante los gobiernos del presidente Joaqu\u00edn Balaguer. Tambi\u00e9n fue secretario de Interior y Polic\u00eda. Lluberes Mont\u00e1s muri\u00f3 a causa [&hellip;]<\/p>\n","protected":false},"author":28,"featured_media":394605,"comment_status":"closed","ping_status":"","sticky":false,"template":"","format":"standard","meta":{"footnotes":""},"categories":[20,26],"tags":[],"class_list":["post-394594","post","type-post","status-publish","format-standard","has-post-thumbnail","hentry","category-dominicana-hoy","category-efemerides"],"_links":{"self":[{"href":"https:\/\/diariodominicano.com\/index.php?rest_route=\/wp\/v2\/posts\/394594","targetHints":{"allow":["GET"]}}],"collection":[{"href":"https:\/\/diariodominicano.com\/index.php?rest_route=\/wp\/v2\/posts"}],"about":[{"href":"https:\/\/diariodominicano.com\/index.php?rest_route=\/wp\/v2\/types\/post"}],"author":[{"embeddable":true,"href":"https:\/\/diariodominicano.com\/index.php?rest_route=\/wp\/v2\/users\/28"}],"replies":[{"embeddable":true,"href":"https:\/\/diariodominicano.com\/index.php?rest_route=%2Fwp%2Fv2%2Fcomments&post=394594"}],"version-history":[{"count":6,"href":"https:\/\/diariodominicano.com\/index.php?rest_route=\/wp\/v2\/posts\/394594\/revisions"}],"predecessor-version":[{"id":394611,"href":"https:\/\/diariodominicano.com\/index.php?rest_route=\/wp\/v2\/posts\/394594\/revisions\/394611"}],"wp:featuredmedia":[{"embeddable":true,"href":"https:\/\/diariodominicano.com\/index.php?rest_route=\/wp\/v2\/media\/394605"}],"wp:attachment":[{"href":"https:\/\/diariodominicano.com\/index.php?rest_route=%2Fwp%2Fv2%2Fmedia&parent=394594"}],"wp:term":[{"taxonomy":"category","embeddable":true,"href":"https:\/\/diariodominicano.com\/index.php?rest_route=%2Fwp%2Fv2%2Fcategories&post=394594"},{"taxonomy":"post_tag","embeddable":true,"href":"https:\/\/diariodominicano.com\/index.php?rest_route=%2Fwp%2Fv2%2Ftags&post=394594"}],"curies":[{"name":"wp","href":"https:\/\/api.w.org\/{rel}","templated":true}]}}