{"id":394591,"date":"2022-11-03T09:57:06","date_gmt":"2022-11-03T13:57:06","guid":{"rendered":"http:\/\/diariodominicano.com\/?p=394591"},"modified":"2022-11-03T09:57:06","modified_gmt":"2022-11-03T13:57:06","slug":"recuerda-diaz-canel-palabras-de-fidel-castro-sobre-bloqueo-a-cuba","status":"publish","type":"post","link":"https:\/\/diariodominicano.com\/?p=394591","title":{"rendered":"Recuerda D\u00edaz-Canel palabras de Fidel Castro sobre bloqueo a Cuba"},"content":{"rendered":"\n<p>La Habana, 3 nov (Prensa Latina) El presidente Miguel D\u00edaz-Canel record\u00f3 hoy las palabras del l\u00edder hist\u00f3rico de la Revoluci\u00f3n, Fidel Castro, en una de las tantas ocasiones en que denunci\u00f3 la pol\u00edtica de bloqueo de Estados Unidos contra Cuba.&nbsp;&nbsp;&nbsp;&nbsp;<\/p>\n\n\n\n<ul class=\"wp-block-list\"><li>noviembre 3, 2022<\/li><li>CDT07:51 (GMT) -0400<\/li><\/ul>\n\n\n\n<p>En su cuenta de Twitter el mandatario se\u00f1al\u00f3 que \u201cnunca ser\u00e1 suficiente lo que se diga en torno al cinismo de la pol\u00edtica de EU, que incluye a Cuba en la lista de pa\u00edses terroristas, aplica la Ley asesina de Ajuste Cubano con car\u00e1cter exclusivo a nuestra naci\u00f3n, y la bloquea econ\u00f3micamente\u201d.<\/p>\n\n\n\n<p>Esas palabras fueron pronunciadas por el entonces presidente Fidel Castro, el 3 de noviembre de 2009.<\/p>\n\n\n\n<p>Precisamente, 13 a\u00f1os despu\u00e9s, este jueves la Asamblea General de las Naciones Unidas se pronunciar\u00e1 por trig\u00e9sima vez, sobre el proyecto de resoluci\u00f3n que plantea la necesidad de poner fin al bloqueo estadounidense contra la isla, la cual presentar\u00e1 ante el plenario el canciller Bruno Rodr\u00edguez Parrilla.<\/p>\n\n\n\n<p>La v\u00edspera, en la jornada inicial de debate sobre el tema, las intervenciones de todos los representantes de las delegaciones que intervinieron, respaldaron a Cuba de forma contundente y evidenciaron el aislamiento internacional de la pol\u00edtica estadounidense de aplicar sanciones a pa\u00edses que no se ajustan a su modelo de democracia.<\/p>\n\n\n\n<p>Las autoridades cubanas han denunciado reiteradamente que el bloqueo no solo se mantiene desde hace m\u00e1s de seis d\u00e9cadas sino que se recrudeci\u00f3 en los \u00faltimos a\u00f1os, y la designaci\u00f3n unilateral y fraudulenta de Cuba como Estado patrocinador del terrorismo refuerza el impacto de esa pol\u00edtica de asfixia econ\u00f3mica.<\/p>\n\n\n\n<p>En todas las ocasiones anteriores en que fue sometido a consideraci\u00f3n de la Asamblea General de la ONU el proyecto de resoluci\u00f3n contra el bloqueo, este fue apoyado por la inmensa mayor\u00eda de los miembros del organismo mundial.<\/p>\n\n\n\n<p>mem\/rc<\/p>\n","protected":false},"excerpt":{"rendered":"<p>La Habana, 3 nov (Prensa Latina) El presidente Miguel D\u00edaz-Canel record\u00f3 hoy las palabras del l\u00edder hist\u00f3rico de la Revoluci\u00f3n, Fidel Castro, en una de las tantas ocasiones en que denunci\u00f3 la pol\u00edtica de bloqueo de Estados Unidos contra Cuba.&nbsp;&nbsp;&nbsp;&nbsp; noviembre 3, 2022 CDT07:51 (GMT) -0400 En su cuenta de Twitter el mandatario se\u00f1al\u00f3 que [&hellip;]<\/p>\n","protected":false},"author":28,"featured_media":394592,"comment_status":"closed","ping_status":"","sticky":false,"template":"","format":"standard","meta":{"footnotes":""},"categories":[26,23],"tags":[],"class_list":["post-394591","post","type-post","status-publish","format-standard","has-post-thumbnail","hentry","category-efemerides","category-internacional"],"_links":{"self":[{"href":"https:\/\/diariodominicano.com\/index.php?rest_route=\/wp\/v2\/posts\/394591","targetHints":{"allow":["GET"]}}],"collection":[{"href":"https:\/\/diariodominicano.com\/index.php?rest_route=\/wp\/v2\/posts"}],"about":[{"href":"https:\/\/diariodominicano.com\/index.php?rest_route=\/wp\/v2\/types\/post"}],"author":[{"embeddable":true,"href":"https:\/\/diariodominicano.com\/index.php?rest_route=\/wp\/v2\/users\/28"}],"replies":[{"embeddable":true,"href":"https:\/\/diariodominicano.com\/index.php?rest_route=%2Fwp%2Fv2%2Fcomments&post=394591"}],"version-history":[{"count":1,"href":"https:\/\/diariodominicano.com\/index.php?rest_route=\/wp\/v2\/posts\/394591\/revisions"}],"predecessor-version":[{"id":394593,"href":"https:\/\/diariodominicano.com\/index.php?rest_route=\/wp\/v2\/posts\/394591\/revisions\/394593"}],"wp:featuredmedia":[{"embeddable":true,"href":"https:\/\/diariodominicano.com\/index.php?rest_route=\/wp\/v2\/media\/394592"}],"wp:attachment":[{"href":"https:\/\/diariodominicano.com\/index.php?rest_route=%2Fwp%2Fv2%2Fmedia&parent=394591"}],"wp:term":[{"taxonomy":"category","embeddable":true,"href":"https:\/\/diariodominicano.com\/index.php?rest_route=%2Fwp%2Fv2%2Fcategories&post=394591"},{"taxonomy":"post_tag","embeddable":true,"href":"https:\/\/diariodominicano.com\/index.php?rest_route=%2Fwp%2Fv2%2Ftags&post=394591"}],"curies":[{"name":"wp","href":"https:\/\/api.w.org\/{rel}","templated":true}]}}