{"id":39448,"date":"2020-03-09T18:47:41","date_gmt":"2020-03-09T18:47:41","guid":{"rendered":"http:\/\/diariodominicano.ddns.net\/?p=39448"},"modified":"2020-03-09T18:47:41","modified_gmt":"2020-03-09T18:47:41","slug":"dia-internacional-de-la-mujer-2","status":"publish","type":"post","link":"https:\/\/diariodominicano.com\/?p=39448","title":{"rendered":"DIA INTERNACIONAL DE LA MUJER"},"content":{"rendered":"<p><body><\/p>\n<p>EN PRIMERA FILA<\/p>\n<\/p>\n<p>DIA INTERNACIONAL DE LA MUJER<\/p>\n<p>Mario Rivadulla<\/p>\n<\/p>\n<p>Institucionalizado por las Naciones Unidas en 1975, el 7 de marzo ha sido consagrado como el D\u00eda Internacional de la Mujer.  Desde entonces a la fecha, el organismo internacional ha venido adoptando diversos acuerdos complementarios encaminados a tratar de rescatar la dignidad de las mujeres en sus diversas facetas,  todav\u00eda ignorada y violada  en infinidad de casos en muchas regiones del planeta,  mediante las m\u00e1s crueles e inhumanas pr\u00e1cticas inclusive bajo el amparo justificativo de fanatizados esquemas religiosos y torcidas tradiciones culturales, a\u00fan por pa\u00edses que ocupan un asiento en la Asamblea General del organismo.  <\/p>\n<\/p>\n<p>Como meta se ha establecido el a\u00f1o 2030 de fecha tope para lograr la \u00abigualdad de g\u00e9nero\u00bb, designaci\u00f3n que persigue el justo objetivo de que  los derechos humanos, sociales y econ\u00f3micos de la mujer sean universalmente reconocidos,  respetados, protegidos y disfrutados a plenitud, en similares condiciones que los hombres. <\/p>\n<\/p>\n<p>En el caso espec\u00edfico de nuestro pa\u00eds, es justo reconocer que, sobre todo en las dos \u00faltimas d\u00e9cadas,  la mujer dominicana ha ido conquistando espacios cada vez m\u00e1s amplios de reconocimiento y respeto por virtud de sus propios m\u00e9ritos, sin que ello signifique que no queda todav\u00eda un buen trecho por recorrer para lograr ser asimilada y reconocida en igualdad de condiciones a su contrapartida masculina. <\/p>\n<\/p>\n<p>Es un movimiento que ha ido creciendo de a\u00f1o en a\u00f1o, en gran medida al influjo de grupos feministas que han ido dejando sentir sus reclamos a escala creciente, calando cada vez m\u00e1s ampliamente en la conciencia de las mujeres, motiv\u00e1ndolas a romper con el asfixiante yugo  de la sumisi\u00f3n y el servilismo, y a transitar por caminos de superaci\u00f3n.<\/p>\n<\/p>\n<p>Hoy es incontable la cantidad de mujeres que ocupan espacios de merecido reconocimiento en las m\u00e1s diversas actividades  y profesiones.  M\u00e9dicos, odont\u00f3logas, ingenieras, soci\u00f3logas, educadoras, abogadas, magistradas, fiscales, empresarias, banqueras, ejecutivas, investigadoras, cient\u00edficas, secretarias, deportistas, diplom\u00e1ticas, productoras agr\u00edcolas, obreras, artesanas, artistas, funcionarias p\u00fablicas, alcaldesas, regidoras, legisladoras, hasta en campos que por su naturaleza estaban tradicionalmente a los hombres como son las fuerzas armadas y el cuerpo policial donde varias han alcanzado los m\u00e1s elevados rangos por m\u00e9ritos propios.  Y por no ser menos, incursionan y ganan m\u00e9ritos en dos deportes tan rudos como el boxeo y la lucha octagonal.<\/p>\n<\/p>\n<p> Dos mujeres han desempe\u00f1ado la vicepresidencia de la Rep\u00fablica, no precisamente como figuras decorativas y de relleno, sino imprimi\u00e9ndole el dinamismo de su iniciativa y capacidad de trabajo:  la ex Milagros Ort\u00edz Bosch, que desempe\u00f1\u00f3 a la par que la Secretar\u00eda de Educaci\u00f3n, y la actual Margarita Cede\u00f1o agotando su segundo per\u00edodo, a cargo de los programas sociales donde su trabajo ha ganado justo reconocimiento de organismos internacionales. Tanto la una como la otra disfrutan  de elevados niveles de reconocimiento p\u00fablico. Y no parece lejano el d\u00eda en que una mujer sea escogida para regir los destinos de la naci\u00f3n. <\/p>\n<\/p>\n<p>Adicionalmente, vale destacar que al presente  la mayor\u00eda de las universidades registra en su matr\u00edcula estudiantil una mucho mayor cantidad de mujeres que hombres.  Es una clara evidencia de su af\u00e1n de superaci\u00f3n y el deseo de sacudirse de las tradicionales cadenas de dependencia masculina para transitar por el camino de la vida con sus propios pies y ganar justo reconocimiento a sus m\u00e9ritos.<\/p>\n<\/p>\n<p>Cierto que aun queda mucho trecho por recorrer. El concepto machista sigue predominando, sobre todo en el seno de m\u00e1s de la mitad de las familias dominicanas contagiada de violencia intrafamiliar impuesta por el hombre y en que el papel de la mujer queda sometido al de una servil obediencia, objeto de satisfacci\u00f3n sexual y sujeta a todo g\u00e9nero de abusos, que en ocasiones llega al extremo aberrante del brutal feminicidio. Y todav\u00eda existen obvias manifestaciones de prejuicio y discrimen en el campo laboral donde a igual trabajo y similar, e inclusive mayor rendimiento por parte de la mujer, esta recibe un salario inferior al del hombre. <\/p>\n<\/p>\n<p>Pero posiblemente donde ese discrimen se manifiesta de forma m\u00e1s ostensible es  en el campo pol\u00edtico.  No obstante existir una legislaci\u00f3n que le reserva una cuota de participaci\u00f3n en las candidaturas, esta es violada con frecuencia, en muchas ocasiones apelando al subterfugio de relegarla a los puestos de la boleta electoral donde existen menos posibilidades de ser elegidas.  En  el seno de los mismos  partidos, aun los que posan de mayor sentido progresista,  resulta m\u00ednima su presencia en las c\u00fapulas dirigenciales,  e igualmente  en la composici\u00f3n del gobierno en la distribuci\u00f3n de los ministerios y puestos claves.<\/p>\n<\/p>\n<p>De desear  que m\u00e1s que la tradicional rese\u00f1a del simbolismo de la fecha, las felicitaciones medi\u00e1ticas y los merecidos reconocimientos oficiales a damas distinguidas por sus merecimientos, la celebraci\u00f3n  sirva de real aliento para que las mujeres contin\u00faen empoder\u00e1ndose cada vez m\u00e1s de su papel en la sociedad, de su esp\u00edritu de superaci\u00f3n y el derecho a disfrutar del pleno reconocimiento de sus valores: en el orden personal como seres a las que ha sido concedido el sagrado privilegio de albergar y dar continuidad a la vida humana ejerciendo el hermoso papel de madre, y  en el campo social, laboral  y profesional  por su probada capacidad para desenvolverse en forma tan exitosa  como el hombre, y no pocos casos a\u00fan m\u00e1s.<\/p>\n<\/p>\n<p>Que as\u00ed sea.<\/p>\n<h6> 2020-03-09 18:47:41 <\/h6>\n<p><!--\n<link rel=\"stylesheet\" href=\"css\/bootstrap.min.css\">\n\n\n<ul class=\"pagination\">\n\t    \n\t\n\n<li >\n\t<a href='?page_no=275'>Previous<\/a>\n\t<\/li>\n\n\n       \n    \n\n<li><a href='?page_no=1'>1<\/a><\/li>\n\n\n\n<li><a href='?page_no=2'>2<\/a><\/li>\n\n\n\n<li><a>...<\/a><\/li>\n\n\n\n<li><a href='?page_no=274'>274<\/a><\/li>\n\n\n\n<li><a href='?page_no=275'>275<\/a><\/li>\n\n\n\n<li class='active'><a>276<\/a><\/li>\n\n\n\n<li><a href='?page_no=277'>277<\/a><\/li>\n\n\n\n<li><a href='?page_no=278'>278<\/a><\/li>\n\n\n\n<li><a>...<\/a><\/li>\n\n\n\n<li><a href='?page_no=13611'>13611<\/a><\/li>\n\n\n\n<li><a href='?page_no=13612'>13612<\/a><\/li>\n\n    \n\t\n\n<li >\n\t<a href='?page_no=277'>Next<\/a>\n\t<\/li>\n\n\n    \n\n<li><a href='?page_no=13612'>Last &rsaquo;&rsaquo;<\/a><\/li>\n\n<\/ul>\n\n\n--><br \/>\n<\/body><\/p>\n","protected":false},"excerpt":{"rendered":"<p>EN PRIMERA FILA DIA INTERNACIONAL DE LA MUJER Mario Rivadulla Institucionalizado por las Naciones Unidas en 1975, el 7 de marzo ha sido consagrado como el D\u00eda Internacional de la Mujer. Desde entonces a la fecha, el organismo internacional ha venido adoptando diversos acuerdos complementarios encaminados a tratar de rescatar la dignidad de las mujeres [&hellip;]<\/p>\n","protected":false},"author":3,"featured_media":0,"comment_status":"open","ping_status":"open","sticky":false,"template":"","format":"standard","meta":{"footnotes":""},"categories":[16],"tags":[],"class_list":["post-39448","post","type-post","status-publish","format-standard","hentry","category-opiniones"],"_links":{"self":[{"href":"https:\/\/diariodominicano.com\/index.php?rest_route=\/wp\/v2\/posts\/39448","targetHints":{"allow":["GET"]}}],"collection":[{"href":"https:\/\/diariodominicano.com\/index.php?rest_route=\/wp\/v2\/posts"}],"about":[{"href":"https:\/\/diariodominicano.com\/index.php?rest_route=\/wp\/v2\/types\/post"}],"author":[{"embeddable":true,"href":"https:\/\/diariodominicano.com\/index.php?rest_route=\/wp\/v2\/users\/3"}],"replies":[{"embeddable":true,"href":"https:\/\/diariodominicano.com\/index.php?rest_route=%2Fwp%2Fv2%2Fcomments&post=39448"}],"version-history":[{"count":0,"href":"https:\/\/diariodominicano.com\/index.php?rest_route=\/wp\/v2\/posts\/39448\/revisions"}],"wp:attachment":[{"href":"https:\/\/diariodominicano.com\/index.php?rest_route=%2Fwp%2Fv2%2Fmedia&parent=39448"}],"wp:term":[{"taxonomy":"category","embeddable":true,"href":"https:\/\/diariodominicano.com\/index.php?rest_route=%2Fwp%2Fv2%2Fcategories&post=39448"},{"taxonomy":"post_tag","embeddable":true,"href":"https:\/\/diariodominicano.com\/index.php?rest_route=%2Fwp%2Fv2%2Ftags&post=39448"}],"curies":[{"name":"wp","href":"https:\/\/api.w.org\/{rel}","templated":true}]}}