{"id":394417,"date":"2022-11-02T16:53:13","date_gmt":"2022-11-02T20:53:13","guid":{"rendered":"http:\/\/diariodominicano.com\/?p=394417"},"modified":"2022-11-02T16:53:13","modified_gmt":"2022-11-02T20:53:13","slug":"tribunal-de-sdo-dicta-apertura-a-juicio-contra-hombre-que-ultimo-a-otro-de-varias-punaladas","status":"publish","type":"post","link":"https:\/\/diariodominicano.com\/?p=394417","title":{"rendered":"Tribunal de SDO dicta apertura a juicio contra hombre que ultim\u00f3 a otro de varias pu\u00f1aladas"},"content":{"rendered":"\n<p><\/p>\n\n\n\n<p>SANTO DOMINGO, Rep\u00fablica Dominicana.- Atendiendo el pedido del Ministerio P\u00fablico de Santo Domingo Oeste, un tribunal dict\u00f3 auto de apertura a juicio en contra de un hombre que mat\u00f3 a otro de varias pu\u00f1aladas a principios de este a\u00f1o.<\/p>\n\n\n\n<p>El juez Johan Rodr\u00edguez, del Sexto Juzgado de Instrucci\u00f3n de esta demarcaci\u00f3n, decidi\u00f3 que Toribio Rosario Recio responda en un juicio por la muerte de Elpidio Guzm\u00e1n P\u00e9rez, ocurrida la madrugada del 18 de enero de 2022.<\/p>\n\n\n\n<p>El imputado propin\u00f3 m\u00faltiples pu\u00f1aladas a la v\u00edctima, una acci\u00f3n que qued\u00f3 captada por c\u00e1maras y sistemas de seguridad de un establecimiento comercial, localizado en la Autopista Duarte, kil\u00f3metro 22, de Los Alcarrizos.<\/p>\n\n\n\n<p>El tribunal admiti\u00f3 diferentes pruebas que acompa\u00f1an el expediente presentado por el \u00f3rgano acusador, que calific\u00f3 el hecho como violaci\u00f3n a los art\u00edculos 295 y 304 del C\u00f3digo Penal, que tipifica el homicidio voluntario.<\/p>\n\n\n\n<p><strong>Direcci\u00f3n de Comunicaci\u00f3n y Prensa<\/strong><strong><\/strong><\/p>\n\n\n\n<p><strong>Procuradur\u00eda General-Ministerio P\u00fablico RD<\/strong><\/p>\n\n\n\n<p><strong>Mi\u00e9rcoles, 2 de noviembre de 2022.<\/strong><\/p>\n","protected":false},"excerpt":{"rendered":"<p>SANTO DOMINGO, Rep\u00fablica Dominicana.- Atendiendo el pedido del Ministerio P\u00fablico de Santo Domingo Oeste, un tribunal dict\u00f3 auto de apertura a juicio en contra de un hombre que mat\u00f3 a otro de varias pu\u00f1aladas a principios de este a\u00f1o. El juez Johan Rodr\u00edguez, del Sexto Juzgado de Instrucci\u00f3n de esta demarcaci\u00f3n, decidi\u00f3 que Toribio Rosario [&hellip;]<\/p>\n","protected":false},"author":28,"featured_media":327690,"comment_status":"closed","ping_status":"","sticky":true,"template":"","format":"standard","meta":{"footnotes":""},"categories":[24,29,27],"tags":[],"class_list":["post-394417","post","type-post","status-publish","format-standard","has-post-thumbnail","hentry","category-justicia-y-derecho","category-policiasucesos","category-portada"],"_links":{"self":[{"href":"https:\/\/diariodominicano.com\/index.php?rest_route=\/wp\/v2\/posts\/394417","targetHints":{"allow":["GET"]}}],"collection":[{"href":"https:\/\/diariodominicano.com\/index.php?rest_route=\/wp\/v2\/posts"}],"about":[{"href":"https:\/\/diariodominicano.com\/index.php?rest_route=\/wp\/v2\/types\/post"}],"author":[{"embeddable":true,"href":"https:\/\/diariodominicano.com\/index.php?rest_route=\/wp\/v2\/users\/28"}],"replies":[{"embeddable":true,"href":"https:\/\/diariodominicano.com\/index.php?rest_route=%2Fwp%2Fv2%2Fcomments&post=394417"}],"version-history":[{"count":1,"href":"https:\/\/diariodominicano.com\/index.php?rest_route=\/wp\/v2\/posts\/394417\/revisions"}],"predecessor-version":[{"id":394418,"href":"https:\/\/diariodominicano.com\/index.php?rest_route=\/wp\/v2\/posts\/394417\/revisions\/394418"}],"wp:featuredmedia":[{"embeddable":true,"href":"https:\/\/diariodominicano.com\/index.php?rest_route=\/wp\/v2\/media\/327690"}],"wp:attachment":[{"href":"https:\/\/diariodominicano.com\/index.php?rest_route=%2Fwp%2Fv2%2Fmedia&parent=394417"}],"wp:term":[{"taxonomy":"category","embeddable":true,"href":"https:\/\/diariodominicano.com\/index.php?rest_route=%2Fwp%2Fv2%2Fcategories&post=394417"},{"taxonomy":"post_tag","embeddable":true,"href":"https:\/\/diariodominicano.com\/index.php?rest_route=%2Fwp%2Fv2%2Ftags&post=394417"}],"curies":[{"name":"wp","href":"https:\/\/api.w.org\/{rel}","templated":true}]}}