{"id":394377,"date":"2022-11-02T15:06:03","date_gmt":"2022-11-02T19:06:03","guid":{"rendered":"http:\/\/diariodominicano.com\/?p=394377"},"modified":"2022-11-02T15:12:21","modified_gmt":"2022-11-02T19:12:21","slug":"facultad-de-artes-de-la-uasd-conmemora-22-aniversario-de-su-fundacion","status":"publish","type":"post","link":"https:\/\/diariodominicano.com\/?p=394377","title":{"rendered":"Facultad de Artes de la UASD conmemora 22 aniversario de su fundaci\u00f3n"},"content":{"rendered":"\n<p> La decana de la Facultad de Artes de la UASD, maestra Arelis Subero se dirige a los presentes en los actos de celebraci\u00f3n de los 22 a\u00f1os de fundaci\u00f3n de esa dependencia acad\u00e9mica. <\/p>\n\n\n\n<figure class=\"wp-block-image size-large\"><img loading=\"lazy\" decoding=\"async\" width=\"1024\" height=\"576\" src=\"https:\/\/diariodominicano.com\/wp-content\/uploads\/2022\/11\/TON_6511-1024x576.jpg\" alt=\"\" class=\"wp-image-394378\" srcset=\"https:\/\/diariodominicano.com\/wp-content\/uploads\/2022\/11\/TON_6511-1024x576.jpg 1024w, https:\/\/diariodominicano.com\/wp-content\/uploads\/2022\/11\/TON_6511-300x169.jpg 300w, https:\/\/diariodominicano.com\/wp-content\/uploads\/2022\/11\/TON_6511-768x432.jpg 768w, https:\/\/diariodominicano.com\/wp-content\/uploads\/2022\/11\/TON_6511-1536x864.jpg 1536w, https:\/\/diariodominicano.com\/wp-content\/uploads\/2022\/11\/TON_6511-2048x1152.jpg 2048w, https:\/\/diariodominicano.com\/wp-content\/uploads\/2022\/11\/TON_6511-816x459.jpg 816w\" sizes=\"auto, (max-width: 1024px) 100vw, 1024px\" \/><figcaption> Durante la ofrenda floral en la estatua de Juan Pablo Duarte, con motivo al 22 aniversario de fundaci\u00f3n de la FA. <\/figcaption><\/figure>\n\n\n\n<p>La Facultad de Artes (FA) de la Universidad Aut\u00f3noma de Santo Domingo UASD conmemor\u00f3 el 22 aniversario de su fundaci\u00f3n con el dep\u00f3sito de una ofrenda floral en el busto del patricio Juan Pablo Duarte.<\/p>\n\n\n\n<p>El acto fue encabezado por el secretario general de la UASD, maestro Pablo Valdez, la decana de la FA, Arelis Subero, y otras autoridades acad\u00e9micas.<\/p>\n\n\n\n<p>La maestra Subero se\u00f1al\u00f3 que \u00bb en&nbsp; esta mayor\u00eda de edad la Facultad de Artes ha logrado consolidarse como espacio acad\u00e9mico de formaci\u00f3n art\u00edstica a nivel superior con la misi\u00f3n de formar artistas profesionales y especialistas\u00bb.<\/p>\n\n\n\n<figure class=\"wp-block-image size-large\"><img loading=\"lazy\" decoding=\"async\" width=\"1024\" height=\"768\" src=\"https:\/\/diariodominicano.com\/wp-content\/uploads\/2022\/11\/IMG_20221102_101308-1-1024x768.jpg\" alt=\"\" class=\"wp-image-394382\" srcset=\"https:\/\/diariodominicano.com\/wp-content\/uploads\/2022\/11\/IMG_20221102_101308-1-1024x768.jpg 1024w, https:\/\/diariodominicano.com\/wp-content\/uploads\/2022\/11\/IMG_20221102_101308-1-300x225.jpg 300w, https:\/\/diariodominicano.com\/wp-content\/uploads\/2022\/11\/IMG_20221102_101308-1-768x576.jpg 768w, https:\/\/diariodominicano.com\/wp-content\/uploads\/2022\/11\/IMG_20221102_101308-1-1536x1152.jpg 1536w, https:\/\/diariodominicano.com\/wp-content\/uploads\/2022\/11\/IMG_20221102_101308-1-2048x1536.jpg 2048w, https:\/\/diariodominicano.com\/wp-content\/uploads\/2022\/11\/IMG_20221102_101308-1-816x612.jpg 816w\" sizes=\"auto, (max-width: 1024px) 100vw, 1024px\" \/><figcaption>La decana de la Facultad de Artes de la UASD, maestra Arelis Subero durante el develizamiento del mural en el parqueo de la facultad\u00a0<\/figcaption><\/figure>\n\n\n\n<p>Subray\u00f3 que la FA aporta de manera significativa a la investigaci\u00f3n de los fen\u00f3menos art\u00edsticos,&nbsp; est\u00e9ticos, y contribuye en la b\u00fasqueda de soluciones a las m\u00e1s diversas problem\u00e1ticas en materia art\u00edstica y cultural del pa\u00eds.<\/p>\n\n\n\n<p>\u201cEstamos trabajando d\u00eda a d\u00eda para el cumplimiento de nuestras metas, tal como est\u00e1n expresadas en nuestro programa de gesti\u00f3n\u00bb, dijo Subero.<\/p>\n\n\n\n<p>Agreg\u00f3 que han concebido un plan estrat\u00e9gico basado en cinco pilares: Docencia, Investigaci\u00f3n y Posgrado, Extensi\u00f3n, Gerencia y Relaciones Interinstitucionales.<\/p>\n\n\n\n<figure class=\"wp-block-image size-large\"><img loading=\"lazy\" decoding=\"async\" width=\"1024\" height=\"683\" src=\"https:\/\/diariodominicano.com\/wp-content\/uploads\/2022\/11\/TON_6375-1024x683.jpg\" alt=\"\" class=\"wp-image-394384\" srcset=\"https:\/\/diariodominicano.com\/wp-content\/uploads\/2022\/11\/TON_6375-1024x683.jpg 1024w, https:\/\/diariodominicano.com\/wp-content\/uploads\/2022\/11\/TON_6375-300x200.jpg 300w, https:\/\/diariodominicano.com\/wp-content\/uploads\/2022\/11\/TON_6375-768x512.jpg 768w, https:\/\/diariodominicano.com\/wp-content\/uploads\/2022\/11\/TON_6375-1536x1025.jpg 1536w, https:\/\/diariodominicano.com\/wp-content\/uploads\/2022\/11\/TON_6375-2048x1367.jpg 2048w, https:\/\/diariodominicano.com\/wp-content\/uploads\/2022\/11\/TON_6375-816x544.jpg 816w\" sizes=\"auto, (max-width: 1024px) 100vw, 1024px\" \/><\/figure>\n\n\n\n<p>Se\u00f1al\u00f3 &nbsp;que el plan de Redise\u00f1o Curricular de las diferentes escuelas es prioridad n\u00famero uno de la actual gesti\u00f3n y su vez una garant\u00eda del incremento de la calidad docente.<\/p>\n\n\n\n<p>\u201cLa Facultad ha mantenido y ampliado su oferta curricular de programas de posgrado, especialidades y diplomados, y tenemos previsto desarrollar el primer programa doctoral en Creaci\u00f3n e Investigaci\u00f3n Art\u00edstica, junto &nbsp;con la Universidad Miguel Hern\u00e1ndez, de Espa\u00f1a.<\/p>\n\n\n\n<p>Adem\u00e1s, inform\u00f3 que la estudiante Shantal Ovando Gal\u00e1n recibi\u00f3 un certificado por dise\u00f1ar el p\u00f3ster seleccionado como ganador para representar el 22 aniversario de la Facultad de Artes de la Primada de Am\u00e9rica.<\/p>\n\n\n\n<p>Relaciones P\u00fablicas<a target=\"_blank\" href=\"mailto:relacionespublicas@uasd.edu.do\" rel=\"noreferrer noopener\">relacionespublicas@uasd.edu.do<\/a><\/p>\n","protected":false},"excerpt":{"rendered":"<p>La decana de la Facultad de Artes de la UASD, maestra Arelis Subero se dirige a los presentes en los actos de celebraci\u00f3n de los 22 a\u00f1os de fundaci\u00f3n de esa dependencia acad\u00e9mica. La Facultad de Artes (FA) de la Universidad Aut\u00f3noma de Santo Domingo UASD conmemor\u00f3 el 22 aniversario de su fundaci\u00f3n con el [&hellip;]<\/p>\n","protected":false},"author":28,"featured_media":394380,"comment_status":"closed","ping_status":"","sticky":true,"template":"","format":"standard","meta":{"footnotes":""},"categories":[21,36,26,27],"tags":[],"class_list":["post-394377","post","type-post","status-publish","format-standard","has-post-thumbnail","hentry","category-cultura","category-hombresmujeresycosas","category-efemerides","category-portada"],"_links":{"self":[{"href":"https:\/\/diariodominicano.com\/index.php?rest_route=\/wp\/v2\/posts\/394377","targetHints":{"allow":["GET"]}}],"collection":[{"href":"https:\/\/diariodominicano.com\/index.php?rest_route=\/wp\/v2\/posts"}],"about":[{"href":"https:\/\/diariodominicano.com\/index.php?rest_route=\/wp\/v2\/types\/post"}],"author":[{"embeddable":true,"href":"https:\/\/diariodominicano.com\/index.php?rest_route=\/wp\/v2\/users\/28"}],"replies":[{"embeddable":true,"href":"https:\/\/diariodominicano.com\/index.php?rest_route=%2Fwp%2Fv2%2Fcomments&post=394377"}],"version-history":[{"count":4,"href":"https:\/\/diariodominicano.com\/index.php?rest_route=\/wp\/v2\/posts\/394377\/revisions"}],"predecessor-version":[{"id":394386,"href":"https:\/\/diariodominicano.com\/index.php?rest_route=\/wp\/v2\/posts\/394377\/revisions\/394386"}],"wp:featuredmedia":[{"embeddable":true,"href":"https:\/\/diariodominicano.com\/index.php?rest_route=\/wp\/v2\/media\/394380"}],"wp:attachment":[{"href":"https:\/\/diariodominicano.com\/index.php?rest_route=%2Fwp%2Fv2%2Fmedia&parent=394377"}],"wp:term":[{"taxonomy":"category","embeddable":true,"href":"https:\/\/diariodominicano.com\/index.php?rest_route=%2Fwp%2Fv2%2Fcategories&post=394377"},{"taxonomy":"post_tag","embeddable":true,"href":"https:\/\/diariodominicano.com\/index.php?rest_route=%2Fwp%2Fv2%2Ftags&post=394377"}],"curies":[{"name":"wp","href":"https:\/\/api.w.org\/{rel}","templated":true}]}}