{"id":394366,"date":"2022-11-02T14:27:25","date_gmt":"2022-11-02T18:27:25","guid":{"rendered":"http:\/\/diariodominicano.com\/?p=394366"},"modified":"2022-11-02T14:27:25","modified_gmt":"2022-11-02T18:27:25","slug":"autoridades-reportan-recuperan-cadaver-de-adolescente-desaparecida-en-elias-pina","status":"publish","type":"post","link":"https:\/\/diariodominicano.com\/?p=394366","title":{"rendered":"Autoridades reportan  recuperan cad\u00e1ver de adolescente desaparecida en El\u00edas Pi\u00f1a"},"content":{"rendered":"\n<p><\/p>\n\n\n\n<p><em><u>Juan Gabriel F\u00e9liz Ubr\u00ed, principal sospechoso del caso, fue arrestado en el transcurso de las investigaciones y recibi\u00f3 prisi\u00f3n preventiva como medida de coerci\u00f3n<\/u><\/em><\/p>\n\n\n\n<p>SANTO DOMINGO, Rep\u00fablica Dominicana.- El Ministerio P\u00fablico inform\u00f3 que fue recuperado la madrugada de este mi\u00e9rcoles el cad\u00e1ver de la adolescente Cruz Snayderlin Dadus Poche (Yeilin), de 17 a\u00f1os de edad, quien hab\u00eda sido reportada como desaparecida por sus familiares el pasado mes.<\/p>\n\n\n\n<p>El titular de la Fiscal\u00eda de El\u00edas Pi\u00f1a, Ramil Cadete P\u00e9rez, detall\u00f3 que el cuerpo sin vida de la joven fue encontrado en unos terrenos de la comunidad El Pino, del municipio Comendador.<\/p>\n\n\n\n<p>Juan Gabriel F\u00e9liz Ubr\u00ed (Caputo), principal sospechoso del caso, quien fue arrestado en el transcurso de las investigaciones con la orden judicial&nbsp; n\u00famero 0594-2022-00177, condujo a las autoridades hasta el lugar&nbsp; donde fue recuperado el cad\u00e1ver.<\/p>\n\n\n\n<p>El Ministerio P\u00fablico explic\u00f3 que el imputado F\u00e9liz Ubr\u00ed fue sometido a la acci\u00f3n de la justicia ante el Juzgado de la Instrucci\u00f3n de esta provincia y le fueron impuestos tres meses de prisi\u00f3n preventiva como medida de coerci\u00f3n, que cumple en la c\u00e1rcel p\u00fablica de San Juan de la Maguana, en la provincia San Juan.<\/p>\n\n\n\n<p>Hace dos a\u00f1os, F\u00e9liz Ubr\u00ed tambi\u00e9n estuvo involucrado en un expediente por el fallecimiento de la joven Netaly Denis Rosario Contreras (Hedel), de 18 a\u00f1os de edad, quien entonces era su novia.<\/p>\n\n\n\n<p>El crimen ocurri\u00f3 luego de que Rosario Contreras saliera de la casa de una amiga, el 11 de junio de 2020 en compa\u00f1\u00eda de F\u00e9liz Ubr\u00ed, quien fue apresado por el hecho y posteriormente liberado por los tribunales bajo el alegato de que faltaban pruebas para su procesamiento.<\/p>\n\n\n\n<p>El cuerpo de Rosario Contreras fue hallado en una zona apartada de Carrizal. Luego F\u00e9liz Ubr\u00ed fue apresado en Hait\u00ed y entregado al Ministerio P\u00fablico dominicano, amparado en una alerta migratoria para la captura del imputado que se fug\u00f3 de la c\u00e1rcel del Destacamento de la Polic\u00eda de Comendador mientras era custodiado para ser presentado ante un juez de la atenci\u00f3n permanente.<\/p>\n\n\n\n<p>En el caso reciente de la adolescente Dadus Poche, las investigaciones establecen que la v\u00edctima desapareci\u00f3 el pasado 2 de octubre, alrededor de las 9:00 de la noche, luego de que recibiera un mensaje del imputado en su tel\u00e9fono m\u00f3vil, donde \u00e9ste le dec\u00eda \u201cque pasara por su casa a buscar un celular Iphone que le hab\u00eda comprado\u201d.<\/p>\n\n\n\n<p>Despu\u00e9s que recibi\u00f3 el mensaje la joven habr\u00eda salido de su vivienda en un carro gris, supuestamente para una helader\u00eda y, desde entonces, se desconoc\u00eda su paradero.<\/p>\n\n\n\n<p>El pasado 4 de octubre familiares de Dadus Poche denunciaron su desaparici\u00f3n ante el Centro de Recepci\u00f3n de Denuncias del Ministerio P\u00fablico de El\u00edas Pi\u00f1a y de inmediato se iniciaron las pesquisas del caso, en el transcurso de las cuales se han obtenido evidencias que les vinculan al crimen.<\/p>\n\n\n\n<p>Las autoridades del Ministerio P\u00fablico explican que contin\u00faan avanzando con las investigaciones y la recolecci\u00f3n de pruebas relacionadas al lamentable hecho, al tiempo que aseguraron que procurar\u00e1n la debida sanci\u00f3n.<\/p>\n\n\n\n<p><strong>Direcci\u00f3n de Comunicaci\u00f3n y Prensa<\/strong><strong><\/strong><\/p>\n\n\n\n<p><strong>Procuradur\u00eda General-Ministerio P\u00fablico RD<\/strong><\/p>\n\n\n\n<p><strong>Mi\u00e9rcoles, 2 de noviembre de 2022.<\/strong><\/p>\n","protected":false},"excerpt":{"rendered":"<p>Juan Gabriel F\u00e9liz Ubr\u00ed, principal sospechoso del caso, fue arrestado en el transcurso de las investigaciones y recibi\u00f3 prisi\u00f3n preventiva como medida de coerci\u00f3n SANTO DOMINGO, Rep\u00fablica Dominicana.- El Ministerio P\u00fablico inform\u00f3 que fue recuperado la madrugada de este mi\u00e9rcoles el cad\u00e1ver de la adolescente Cruz Snayderlin Dadus Poche (Yeilin), de 17 a\u00f1os de edad, [&hellip;]<\/p>\n","protected":false},"author":28,"featured_media":383715,"comment_status":"closed","ping_status":"","sticky":true,"template":"","format":"standard","meta":{"footnotes":""},"categories":[24,29,27],"tags":[],"class_list":["post-394366","post","type-post","status-publish","format-standard","has-post-thumbnail","hentry","category-justicia-y-derecho","category-policiasucesos","category-portada"],"_links":{"self":[{"href":"https:\/\/diariodominicano.com\/index.php?rest_route=\/wp\/v2\/posts\/394366","targetHints":{"allow":["GET"]}}],"collection":[{"href":"https:\/\/diariodominicano.com\/index.php?rest_route=\/wp\/v2\/posts"}],"about":[{"href":"https:\/\/diariodominicano.com\/index.php?rest_route=\/wp\/v2\/types\/post"}],"author":[{"embeddable":true,"href":"https:\/\/diariodominicano.com\/index.php?rest_route=\/wp\/v2\/users\/28"}],"replies":[{"embeddable":true,"href":"https:\/\/diariodominicano.com\/index.php?rest_route=%2Fwp%2Fv2%2Fcomments&post=394366"}],"version-history":[{"count":1,"href":"https:\/\/diariodominicano.com\/index.php?rest_route=\/wp\/v2\/posts\/394366\/revisions"}],"predecessor-version":[{"id":394367,"href":"https:\/\/diariodominicano.com\/index.php?rest_route=\/wp\/v2\/posts\/394366\/revisions\/394367"}],"wp:featuredmedia":[{"embeddable":true,"href":"https:\/\/diariodominicano.com\/index.php?rest_route=\/wp\/v2\/media\/383715"}],"wp:attachment":[{"href":"https:\/\/diariodominicano.com\/index.php?rest_route=%2Fwp%2Fv2%2Fmedia&parent=394366"}],"wp:term":[{"taxonomy":"category","embeddable":true,"href":"https:\/\/diariodominicano.com\/index.php?rest_route=%2Fwp%2Fv2%2Fcategories&post=394366"},{"taxonomy":"post_tag","embeddable":true,"href":"https:\/\/diariodominicano.com\/index.php?rest_route=%2Fwp%2Fv2%2Ftags&post=394366"}],"curies":[{"name":"wp","href":"https:\/\/api.w.org\/{rel}","templated":true}]}}