{"id":394355,"date":"2022-11-02T13:02:39","date_gmt":"2022-11-02T17:02:39","guid":{"rendered":"http:\/\/diariodominicano.com\/?p=394355"},"modified":"2022-11-02T13:03:56","modified_gmt":"2022-11-02T17:03:56","slug":"209-conscriptos-de-la-policia-nacional-se-capacitan-en-investigacion-y-proteccion-de-escena-de-crimen","status":"publish","type":"post","link":"https:\/\/diariodominicano.com\/?p=394355","title":{"rendered":"209 Conscriptos de la Polic\u00eda Nacional se capacitan en investigaci\u00f3n y protecci\u00f3n de escena de crimen"},"content":{"rendered":"\n<p>diariodominicano.com<\/p>\n\n\n\n<p>Santiago, R. D.,  2 de noviembre, 2022.-  Con el objetivo de dotar a los futuros agentes policiales de las herramientas necesarias para poder mantener la integridad de la escena de un crimen o lugar de los hechos, los 209 conscriptos (aspirantes a polic\u00edas), que se encuentran en la Escuela de Entrenamiento Policial, extensi\u00f3n San Pedro de Macor\u00eds, en la Direcci\u00f3n Regional Sureste, iniciaron el taller \u201cProtecci\u00f3n de la Escena del Crimen o Lugar de los Hechos\u201d.<\/p>\n\n\n\n<p>Esta capacitaci\u00f3n fue impartida por la capit\u00e1n Sonia Ram\u00edrez, encargada de Secci\u00f3n de Estad\u00edstica de Polic\u00eda Cient\u00edfica y el sargento Fernando Antonio Gonz\u00e1lez, encargado de la Unidad Procesamiento de la Escena Crimen, Polic\u00eda Cient\u00edfica, de San Pedro de Macor\u00eds.<\/p>\n\n\n\n<p>Fuente:  Direcci\u00f3n Comunicaciones Estrat\u00e9gicas PN<\/p>\n","protected":false},"excerpt":{"rendered":"<p>diariodominicano.com Santiago, R. D., 2 de noviembre, 2022.- Con el objetivo de dotar a los futuros agentes policiales de las herramientas necesarias para poder mantener la integridad de la escena de un crimen o lugar de los hechos, los 209 conscriptos (aspirantes a polic\u00edas), que se encuentran en la Escuela de Entrenamiento Policial, extensi\u00f3n San [&hellip;]<\/p>\n","protected":false},"author":5,"featured_media":394356,"comment_status":"closed","ping_status":"","sticky":true,"template":"","format":"standard","meta":{"footnotes":""},"categories":[29,27],"tags":[],"class_list":["post-394355","post","type-post","status-publish","format-standard","has-post-thumbnail","hentry","category-policiasucesos","category-portada"],"_links":{"self":[{"href":"https:\/\/diariodominicano.com\/index.php?rest_route=\/wp\/v2\/posts\/394355","targetHints":{"allow":["GET"]}}],"collection":[{"href":"https:\/\/diariodominicano.com\/index.php?rest_route=\/wp\/v2\/posts"}],"about":[{"href":"https:\/\/diariodominicano.com\/index.php?rest_route=\/wp\/v2\/types\/post"}],"author":[{"embeddable":true,"href":"https:\/\/diariodominicano.com\/index.php?rest_route=\/wp\/v2\/users\/5"}],"replies":[{"embeddable":true,"href":"https:\/\/diariodominicano.com\/index.php?rest_route=%2Fwp%2Fv2%2Fcomments&post=394355"}],"version-history":[{"count":2,"href":"https:\/\/diariodominicano.com\/index.php?rest_route=\/wp\/v2\/posts\/394355\/revisions"}],"predecessor-version":[{"id":394358,"href":"https:\/\/diariodominicano.com\/index.php?rest_route=\/wp\/v2\/posts\/394355\/revisions\/394358"}],"wp:featuredmedia":[{"embeddable":true,"href":"https:\/\/diariodominicano.com\/index.php?rest_route=\/wp\/v2\/media\/394356"}],"wp:attachment":[{"href":"https:\/\/diariodominicano.com\/index.php?rest_route=%2Fwp%2Fv2%2Fmedia&parent=394355"}],"wp:term":[{"taxonomy":"category","embeddable":true,"href":"https:\/\/diariodominicano.com\/index.php?rest_route=%2Fwp%2Fv2%2Fcategories&post=394355"},{"taxonomy":"post_tag","embeddable":true,"href":"https:\/\/diariodominicano.com\/index.php?rest_route=%2Fwp%2Fv2%2Ftags&post=394355"}],"curies":[{"name":"wp","href":"https:\/\/api.w.org\/{rel}","templated":true}]}}