{"id":39426,"date":"2020-03-09T18:53:39","date_gmt":"2020-03-09T18:53:39","guid":{"rendered":"http:\/\/diariodominicano.ddns.net\/?p=39426"},"modified":"2020-03-09T18:53:39","modified_gmt":"2020-03-09T18:53:39","slug":"ha-nacido-un-nuevo-contexto-politico","status":"publish","type":"post","link":"https:\/\/diariodominicano.com\/?p=39426","title":{"rendered":"\u00a1Ha nacido un nuevo contexto pol\u00edtico!"},"content":{"rendered":"<p><body><\/p>\n<p><strong>Diariodominicano.com<\/strong><\/p>\n<p><strong>\u00a1Ha nacido un nuevo contexto pol\u00edtico!<\/strong><\/p>\n<p><strong>Franklin Almeyda Rancier  <\/strong><\/p>\n<\/p>\n<p>Absolutamente todos los partidos de oposici\u00f3n muestran su disposici\u00f3n a que este pr\u00f3ximo domingo se celebren las elecciones municipales; es que se tiene el convencimiento de que es la forma legal y pac\u00edfica de sacar del poder al partido oficial.<\/p>\n<\/p>\n<p>Saldr\u00e1 una mayor\u00eda de sus alcaldes de los 158 municipios y de los directores de los 235 distritos municipales. Se ver\u00e1 desplomarse un n\u00famero significativo de los que son de esa organizaci\u00f3n.<\/p>\n<\/p>\n<p>Igualmente, se comprobar\u00e1 que la votaci\u00f3n general del partido oficial y sus aliados ser\u00e1 significativamente inferior a la votaci\u00f3n general de los partidos de oposici\u00f3n, los cuales comparten alianzas, indistintamente, en todas las localidades.<\/p>\n<\/p>\n<p>El PLD, como edificio otrora imponente, mostrar\u00e1 su derrumbe perdiendo decenas de pisos, los cuales fueron construidos y levantados con mucho trabajo y sudor de su membres\u00eda; horas de esfuerzos concentrados, de sistem\u00e1ticos estudios de la historia y procesos del pa\u00eds, con un peri\u00f3dico en una mano y un jarrito en la otra.<\/p>\n<\/p>\n<p>Un grupo reducido de dirigentes, algunos advenedizos, contravinieron una regla de oro formulada por el l\u00edder fundador de esa organizaci\u00f3n, que dejaba claro de que desde una posici\u00f3n pol\u00edtica o del Estado no se hace negocios ni competencia empresarial. Al contrariar esa regla de oro desnaturalizaron la organizaci\u00f3n y dislocaron el Estado.<\/p>\n<\/p>\n<p>Esa c\u00fapula saldr\u00e1 del Palacio Nacional con la afrenta de ser responsable de una carga tan pesada como el deterioro institucional del Estado, la descomposici\u00f3n de valores y normas legales y morales y tener el estigma de haber gobernado bajo la creencia de que \u00abdesde el poder todo se puede y de que es para usarse\u00bb.<\/p>\n<\/p>\n<p>No esperaban que una parte de sus propios compa\u00f1eros, los que reten\u00edan los valores e ideales boschistas, iban a enfrentarlos internamente y luego salir para unificar a la oposici\u00f3n. No creyeron que los encabezar\u00eda el Dr. Leonel Fern\u00e1ndez, por conocer su prudencia y enorme capacidad de tolerancia e inteligencia emocional.<\/p>\n<\/p>\n<p>Se equivocaron, por lo que tienen de frente a una figura de gran experiencia pol\u00edtica, conocedor de su rol hist\u00f3rico y de Estado; dispuesto a no perder sus objetivos centrados en los antecedentes hist\u00f3ricos, el mandato constitucional y las necesidades de un pueblo que se le ha puesto detr\u00e1s para acompa\u00f1arlo en una causa claramente demarcada.<\/p>\n<\/p>\n<p>Este contexto, propio de un momento hist\u00f3rico, ha servido para que la juventud dominicana encuentre una raz\u00f3n v\u00e1lida de participaci\u00f3n. Se han lanzado con el arrojo eterno que, a lo largo de la historia, muestran los j\u00f3venes cuando de causas se trata. No solo son arrojados, sino tambi\u00e9n centrados en sus prop\u00f3sitos.<\/p>\n<\/p>\n<p>Lo que se debe destacar, adem\u00e1s de esos valores recreados, est\u00e1 la realidad de que la poblaci\u00f3n dominicana es predominantemente joven. El 40.3% de la poblaci\u00f3n electoral es de 18 a 35 a\u00f1os; si agregamos 4 a\u00f1os m\u00e1s y los llevamos a 40 a\u00f1os, habr\u00eda que sumarle 9.9%, haciendo un total del 50.2% de la poblaci\u00f3n con derecho a elegir y ser elegidos.<\/p>\n<\/p>\n<p>Lo extraordinario es que esos j\u00f3venes se han decidido a participar, dirigidos entre ellos por expresiones de ambos sexos con una evidente formaci\u00f3n acad\u00e9mica y haciendo suyos, sin fisuras, el discurso de la causa sustentada por el Dr. Leonel Fern\u00e1ndez.<\/p>\n<\/p>\n<p>Estamos en un renacer de la Patria, un nuevo contexto pol\u00edtico e hist\u00f3rico.<\/p>\n<h6> 2020-03-09 18:53:39 <\/h6>\n<p><!--\n<link rel=\"stylesheet\" href=\"css\/bootstrap.min.css\">\n\n\n<ul class=\"pagination\">\n\t    \n\t\n\n<li >\n\t<a href='?page_no=273'>Previous<\/a>\n\t<\/li>\n\n\n       \n    \n\n<li><a href='?page_no=1'>1<\/a><\/li>\n\n\n\n<li><a href='?page_no=2'>2<\/a><\/li>\n\n\n\n<li><a>...<\/a><\/li>\n\n\n\n<li><a href='?page_no=272'>272<\/a><\/li>\n\n\n\n<li><a href='?page_no=273'>273<\/a><\/li>\n\n\n\n<li class='active'><a>274<\/a><\/li>\n\n\n\n<li><a href='?page_no=275'>275<\/a><\/li>\n\n\n\n<li><a href='?page_no=276'>276<\/a><\/li>\n\n\n\n<li><a>...<\/a><\/li>\n\n\n\n<li><a href='?page_no=13611'>13611<\/a><\/li>\n\n\n\n<li><a href='?page_no=13612'>13612<\/a><\/li>\n\n    \n\t\n\n<li >\n\t<a href='?page_no=275'>Next<\/a>\n\t<\/li>\n\n\n    \n\n<li><a href='?page_no=13612'>Last &rsaquo;&rsaquo;<\/a><\/li>\n\n<\/ul>\n\n\n--><br \/>\n<\/body><\/p>\n","protected":false},"excerpt":{"rendered":"<p>Diariodominicano.com \u00a1Ha nacido un nuevo contexto pol\u00edtico! Franklin Almeyda Rancier Absolutamente todos los partidos de oposici\u00f3n muestran su disposici\u00f3n a que este pr\u00f3ximo domingo se celebren las elecciones municipales; es que se tiene el convencimiento de que es la forma legal y pac\u00edfica de sacar del poder al partido oficial. Saldr\u00e1 una mayor\u00eda de sus [&hellip;]<\/p>\n","protected":false},"author":3,"featured_media":0,"comment_status":"open","ping_status":"open","sticky":false,"template":"","format":"standard","meta":{"footnotes":""},"categories":[16],"tags":[],"class_list":["post-39426","post","type-post","status-publish","format-standard","hentry","category-opiniones"],"_links":{"self":[{"href":"https:\/\/diariodominicano.com\/index.php?rest_route=\/wp\/v2\/posts\/39426","targetHints":{"allow":["GET"]}}],"collection":[{"href":"https:\/\/diariodominicano.com\/index.php?rest_route=\/wp\/v2\/posts"}],"about":[{"href":"https:\/\/diariodominicano.com\/index.php?rest_route=\/wp\/v2\/types\/post"}],"author":[{"embeddable":true,"href":"https:\/\/diariodominicano.com\/index.php?rest_route=\/wp\/v2\/users\/3"}],"replies":[{"embeddable":true,"href":"https:\/\/diariodominicano.com\/index.php?rest_route=%2Fwp%2Fv2%2Fcomments&post=39426"}],"version-history":[{"count":0,"href":"https:\/\/diariodominicano.com\/index.php?rest_route=\/wp\/v2\/posts\/39426\/revisions"}],"wp:attachment":[{"href":"https:\/\/diariodominicano.com\/index.php?rest_route=%2Fwp%2Fv2%2Fmedia&parent=39426"}],"wp:term":[{"taxonomy":"category","embeddable":true,"href":"https:\/\/diariodominicano.com\/index.php?rest_route=%2Fwp%2Fv2%2Fcategories&post=39426"},{"taxonomy":"post_tag","embeddable":true,"href":"https:\/\/diariodominicano.com\/index.php?rest_route=%2Fwp%2Fv2%2Ftags&post=39426"}],"curies":[{"name":"wp","href":"https:\/\/api.w.org\/{rel}","templated":true}]}}