{"id":394057,"date":"2022-11-01T16:05:54","date_gmt":"2022-11-01T20:05:54","guid":{"rendered":"http:\/\/diariodominicano.com\/?p=394057"},"modified":"2022-11-01T21:12:36","modified_gmt":"2022-11-02T01:12:36","slug":"bosch-lider-de-hoy-manana-y-siempre-alejandrina-german","status":"publish","type":"post","link":"https:\/\/diariodominicano.com\/?p=394057","title":{"rendered":"Bosch l\u00edder de hoy, ma\u00f1ana y siempre: Alejandrina Germ\u00e1n"},"content":{"rendered":"\n<p><em>Juan Bosch ense\u00f1\u00f3 que la pol\u00edtica se ejerce con &nbsp;responsabilidad personal y compromiso con la sociedad, record\u00f3 Alejandrina Germ\u00e1n<\/em><\/p>\n\n\n\n<figure class=\"wp-block-image size-full\"><img loading=\"lazy\" decoding=\"async\" width=\"1024\" height=\"548\" src=\"https:\/\/diariodominicano.com\/wp-content\/uploads\/2022\/11\/aniversario-Bosch01112022.jpeg\" alt=\"\" class=\"wp-image-394154\" srcset=\"https:\/\/diariodominicano.com\/wp-content\/uploads\/2022\/11\/aniversario-Bosch01112022.jpeg 1024w, https:\/\/diariodominicano.com\/wp-content\/uploads\/2022\/11\/aniversario-Bosch01112022-300x161.jpeg 300w, https:\/\/diariodominicano.com\/wp-content\/uploads\/2022\/11\/aniversario-Bosch01112022-768x411.jpeg 768w, https:\/\/diariodominicano.com\/wp-content\/uploads\/2022\/11\/aniversario-Bosch01112022-816x437.jpeg 816w\" sizes=\"auto, (max-width: 1024px) 100vw, 1024px\" \/><figcaption>Entre los asistentes a la misa  Abel Mart\u00ednez y Alejandrina Germ\u00e1n.<\/figcaption><\/figure>\n\n\n\n<figure class=\"wp-block-image size-full\"><img loading=\"lazy\" decoding=\"async\" width=\"370\" height=\"298\" src=\"https:\/\/diariodominicano.com\/wp-content\/uploads\/2022\/04\/Bosch00260.jpg\" alt=\"\" class=\"wp-image-345816\" srcset=\"https:\/\/diariodominicano.com\/wp-content\/uploads\/2022\/04\/Bosch00260.jpg 370w, https:\/\/diariodominicano.com\/wp-content\/uploads\/2022\/04\/Bosch00260-300x242.jpg 300w\" sizes=\"auto, (max-width: 370px) 100vw, 370px\" \/><figcaption>Juan Bosch<\/figcaption><\/figure>\n\n\n\n<p><strong>Al conmemorarse el 21 aniversario del fallecimiento del profesor Juan Bosch, Alejandrina Germ\u00e1n, integrante del Comit\u00e9 Pol\u00edtico del Partido de la Liberaci\u00f3n Dominicana (PLD),<\/strong>&nbsp;dijo que ante la situaci\u00f3n que hoy vive el pa\u00eds hay que tener presente la responsabilidad con que el expresidente de la Rep\u00fablica asumi\u00f3 la pol\u00edtica.<\/p>\n\n\n\n<p>Hablando en representaci\u00f3n del Comit\u00e9 Pol\u00edtico en la eucarist\u00eda celebrada &nbsp;&nbsp;en la Catedral &nbsp;Inmaculada Concepci\u00f3n de La Vega, Germ\u00e1n refiri\u00f3 que Bosch ejerci\u00f3 la pol\u00edtica con una gran responsabilidad personal y compromiso con la sociedad.<\/p>\n\n\n\n<p>\u201cDe esa misma forma tenemos que asumirla los hombres y mujeres que nos dedicamos a la actividad pol\u00edtica y alcanzar la sociedad a la que aspiramos\u201d, expres\u00f3 la titular de la Secretar\u00eda de Formaci\u00f3n Pol\u00edtica del PLD.<\/p>\n\n\n\n<p>Alejandrina Germ\u00e1n comparti\u00f3 asiento en el templo con Abel Mart\u00ednez, escogido &nbsp;como el aspirante presidencial del PLD con mayor nivel de simpat\u00eda en la poblaci\u00f3n a quien en medio de la misa se le tribut\u00f3 un cerrado aplauso a petici\u00f3n del sacerdote celebrante, Francisco Jim\u00e9nez (padre cualo), tambi\u00e9n una representaci\u00f3n del Comit\u00e9 Pol\u00edtico, del Comit\u00e9 Central y la dirigencia del PLD en la Vega, encabezada por el Presidente provincial, Bol\u00edvar Marte. &nbsp;<\/p>\n\n\n\n<p>Record\u00f3 que Bosch les ense\u00f1\u00f3 que cuando una persona asume la responsabilidad de participar en la actividad pol\u00edtica, sobre todo si ha desarrollado algunas condiciones de liderazgo, debe estar consciente de que sus acciones y su conducta deben estar sujetas al juicio de sus contempor\u00e1neos y las futuras generaciones.<\/p>\n\n\n\n<p>\u201cPara Bosch la vida de un pol\u00edtico no puede ser enjuiciada de manera fragmentada y los conceptos de \u00e9xito y fracaso son relativos, asimismo &nbsp;afirm\u00f3 que un pol\u00edtico en la c\u00faspide del poder pod\u00eda ser un fracasado y en medio de una tenaz persecuci\u00f3n podr\u00eda estar labrando el m\u00e1s rotundo de los \u00e9xitos\u201d, indic\u00f3.<\/p>\n\n\n\n<p>Manifest\u00f3 que en su condici\u00f3n de maestro y de pol\u00edtico Juan Bosch plante\u00f3 lo implacable que resulta el juicio de la historia. \u201cB\u00e1sicamente para los hombres y las mujeres que nos dedicamos a la pol\u00edtica. Afirm\u00f3 que quienes aspiran a detentar el poder y efectivamente lo detentan solo podr\u00e1n alcanzar valor real cuando sale indemne del juicio de la historia\u201d.<\/p>\n\n\n\n<p>Agreg\u00f3 que en la concepci\u00f3n del \u201cMaestro de la Pol\u00edtica\u201d el triunfo no radica en alcanzar el poder, sino que reside esencialmente en merecerlo.<\/p>\n\n\n\n<figure class=\"wp-block-image size-full\"><img loading=\"lazy\" decoding=\"async\" width=\"1024\" height=\"683\" src=\"https:\/\/diariodominicano.com\/wp-content\/uploads\/2022\/11\/aniversario-jb21-52.jpeg\" alt=\"\" class=\"wp-image-394158\" srcset=\"https:\/\/diariodominicano.com\/wp-content\/uploads\/2022\/11\/aniversario-jb21-52.jpeg 1024w, https:\/\/diariodominicano.com\/wp-content\/uploads\/2022\/11\/aniversario-jb21-52-300x200.jpeg 300w, https:\/\/diariodominicano.com\/wp-content\/uploads\/2022\/11\/aniversario-jb21-52-768x512.jpeg 768w, https:\/\/diariodominicano.com\/wp-content\/uploads\/2022\/11\/aniversario-jb21-52-816x544.jpeg 816w\" sizes=\"auto, (max-width: 1024px) 100vw, 1024px\" \/><figcaption> Entre los asistentes a la misa  Abel Mart\u00ednez y Alejandrina Germ\u00e1n. <\/figcaption><\/figure>\n\n\n\n<p>Al concluir sus palabras en la eucarist\u00eda en La Vega, ciudad natal de Bosch, Germ\u00e1n defini\u00f3 al profesor Juan Bosch como \u201cnuestro l\u00edder de hoy, ma\u00f1ana y siempre, quien siempre permanecer\u00e1 entre nosotros, como \u00e9l mismo afirmara -la dignidad nunca muere\u201d.<\/p>\n\n\n\n<p>Alejandrina Germ\u00e1n en sus palabras agradeci\u00f3 al p\u00e1rroco de la Catedral &nbsp;Francisco Jim\u00e9nez sus palabras en la que expres\u00f3 que el profesor Juan Bosch es un referente \u00e9tico y moral del pueblo Dominicano.<\/p>\n\n\n\n<p>En la eucarist\u00eda el coro de la catedral vegana interpret\u00f3 los c\u00e1nticos propios de la ceremonia religiosa, mientras&nbsp; las palabras de la misa fueron pronunciadas por miembros del PLD con v\u00ednculos con la Iglesia.<\/p>\n\n\n\n<p>En el momento del ofertorio se presentaron la Luz, las flores cultivadas en la provincia, la bandera nacional y el pan y el vino, en lo ofertado se resalt\u00f3 los aportes del Profesor Juan Bosch a la educaci\u00f3n ciudadana y a la formaci\u00f3n pol\u00edtica del pueblo dominicano.<\/p>\n\n\n\n<p><strong>SECRETAR\u00cdA DE COMUNICACIONES<\/strong><\/p>\n\n\n\n<p><strong>1 DE NOVIEMBRE, 2022<\/strong><\/p>\n","protected":false},"excerpt":{"rendered":"<p>Juan Bosch ense\u00f1\u00f3 que la pol\u00edtica se ejerce con &nbsp;responsabilidad personal y compromiso con la sociedad, record\u00f3 Alejandrina Germ\u00e1n Al conmemorarse el 21 aniversario del fallecimiento del profesor Juan Bosch, Alejandrina Germ\u00e1n, integrante del Comit\u00e9 Pol\u00edtico del Partido de la Liberaci\u00f3n Dominicana (PLD),&nbsp;dijo que ante la situaci\u00f3n que hoy vive el pa\u00eds hay que tener [&hellip;]<\/p>\n","protected":false},"author":28,"featured_media":394153,"comment_status":"closed","ping_status":"","sticky":true,"template":"","format":"standard","meta":{"footnotes":""},"categories":[36,26,22,27],"tags":[],"class_list":["post-394057","post","type-post","status-publish","format-standard","has-post-thumbnail","hentry","category-hombresmujeresycosas","category-efemerides","category-politica","category-portada"],"_links":{"self":[{"href":"https:\/\/diariodominicano.com\/index.php?rest_route=\/wp\/v2\/posts\/394057","targetHints":{"allow":["GET"]}}],"collection":[{"href":"https:\/\/diariodominicano.com\/index.php?rest_route=\/wp\/v2\/posts"}],"about":[{"href":"https:\/\/diariodominicano.com\/index.php?rest_route=\/wp\/v2\/types\/post"}],"author":[{"embeddable":true,"href":"https:\/\/diariodominicano.com\/index.php?rest_route=\/wp\/v2\/users\/28"}],"replies":[{"embeddable":true,"href":"https:\/\/diariodominicano.com\/index.php?rest_route=%2Fwp%2Fv2%2Fcomments&post=394057"}],"version-history":[{"count":5,"href":"https:\/\/diariodominicano.com\/index.php?rest_route=\/wp\/v2\/posts\/394057\/revisions"}],"predecessor-version":[{"id":394159,"href":"https:\/\/diariodominicano.com\/index.php?rest_route=\/wp\/v2\/posts\/394057\/revisions\/394159"}],"wp:featuredmedia":[{"embeddable":true,"href":"https:\/\/diariodominicano.com\/index.php?rest_route=\/wp\/v2\/media\/394153"}],"wp:attachment":[{"href":"https:\/\/diariodominicano.com\/index.php?rest_route=%2Fwp%2Fv2%2Fmedia&parent=394057"}],"wp:term":[{"taxonomy":"category","embeddable":true,"href":"https:\/\/diariodominicano.com\/index.php?rest_route=%2Fwp%2Fv2%2Fcategories&post=394057"},{"taxonomy":"post_tag","embeddable":true,"href":"https:\/\/diariodominicano.com\/index.php?rest_route=%2Fwp%2Fv2%2Ftags&post=394057"}],"curies":[{"name":"wp","href":"https:\/\/api.w.org\/{rel}","templated":true}]}}