{"id":39382,"date":"2020-03-13T08:29:06","date_gmt":"2020-03-13T08:29:06","guid":{"rendered":"http:\/\/diariodominicano.ddns.net\/?p=39382"},"modified":"2020-03-13T08:29:06","modified_gmt":"2020-03-13T08:29:06","slug":"una-postura-insensata","status":"publish","type":"post","link":"https:\/\/diariodominicano.com\/?p=39382","title":{"rendered":"&#13;UNA POSTURA INSENSATA"},"content":{"rendered":"<p><body><\/p>\n<p><strong>EN PRIMERA FILA<\/strong><\/p>\n<p><strong>UNA POSTURA INSENSATA<\/strong><\/p>\n<p><strong>Mario Rivadulla<\/strong><\/p>\n<\/p>\n<p>La OMS ha declarado como pandemia el avance del corona virus, reportando m\u00e1s de 118 mil afectados y cerca de 5 mil muertes en 114 pa\u00edses a los cuales se ha extendido el  contagio, recomendando a los gobiernos adoptar medidas excepcionales de prevenci\u00f3n.<\/p>\n<\/p>\n<p>En China Continental, donde surgi\u00f3 el brote, si bien las medidas adoptadas para frenar su expansi\u00f3n parecen estar dando resultado, todav\u00eda est\u00e1 lejos de poder afirmar que se ha controlado el mismo.<\/p>\n<\/p>\n<p>Italia, donde el n\u00famero de v\u00edctimas fatales se acerca al medio millar, se ha declarado en cuarentena casi absoluta que abarca a sus sesenta millones de habitantes, y salvo los negocios de primera necesidad, se han suspendido todas las  actividades por lo que el pa\u00eds est\u00e1 pr\u00e1cticamente paralizado.<\/p>\n<\/p>\n<p>En Latinoam\u00e9rica, hasta ayer, la OPS reportaba mil 192 casos y unas 30 muertes as\u00ed como medidas excepcionales en casi todos los pa\u00edses, incluyendo colocar en cuarentena a todos los viajeros procedentes de China y Europa.  Guatemala y El Salvador han prohibido la entrada de extranjeros al pa\u00eds por temor al contagio.<\/p>\n<\/p>\n<p>En los Estados Unidos, donde ya se reportan decenas de muertes, el presidente Donald Trump ha dispuesto un presupuesto especial de 8 mil 300 millones de d\u00f3lares para enfrentar los efectos del virus, al tiempo de suspender por un mes los viajes hacia y desde Europa.<\/p>\n<\/p>\n<p>En distintos pa\u00edses se han suspendido las clases en los colegios.  Numerosos e importantes eventos deportivos, art\u00edsticos y culturales han sido cancelados  Las propias Olimpiadas de Tokio corren tambi\u00e9n el riesgo de no poderse celebrar.<\/p>\n<\/p>\n<p>El precio del petr\u00f3leo se ha desplomado, al igual que la Bolsa de Nueva York. Los mercados financieros est\u00e1n sintiendo el impacto negativo originado por la pandemia. Las aerol\u00edneas registran p\u00e9rdidas millonarias debido a la cancelaci\u00f3n de vuelos y una l\u00ednea a\u00e9rea  brit\u00e1nica que se encontraba en proceso de recuperaci\u00f3n con ayuda del gobierno ha debido declararse en quiebra por ese motivo. En tanto, las agencias tur\u00edsticas prev\u00e9n que la industria, de tanta importancia para nuestro pa\u00eds, sufrir\u00e1 una merma de entre 50 y 60 mil millones de d\u00f3lares, sobre todo en los destinos enclavados en Asia y Africa.<\/p>\n<\/p>\n<p>En el pa\u00eds, si bien hasta ahora han sido contados los casos reportados, y al parecer la situaci\u00f3n se ha podido mantener hasta el momento bajo control, se ha generado un justificado clima de temor generalizado, que en no pocos casos llega a extremos de p\u00e1nico ante la posibilidad, por dem\u00e1s cierta, de que pueda desatarse una epidemia de amplias proporciones frente a la cual hay que estar conscientes de nuestra limitada capacidad de respuesta para lograr controlarla. Ello demanda, por consiguiente, que actuemos con el mayor sentido de unidad y cooperaci\u00f3n, y en especial la movilizaci\u00f3n de todos los limitados recursos sanitarios de que disponemos.<\/p>\n<\/p>\n<p>Es en medio de tan preocupante escenario con perspectivas muy reales de que tender\u00e1 a agravarse en un tiempo relativamente breve, que se da el contrasentido de que la directiva del Colegio M\u00e9dico Dominicano que preside, por quinta ocasi\u00f3n, el doctor Waldo Suero decide llevar a cabo una marcha de protesta en reclamo del cumplimiento de reivindicaciones a favor de sus miembros acordadas con el Ministerio de Salud P\u00fablica y no cumplidas. <\/p>\n<\/p>\n<p>Sin cuestionar el leg\u00edtimo derecho que asiste al gremio profesional a luchar por mejores beneficios para sus afiliados,   el momento escogido no ha podido resultar m\u00e1s inoportuno y re\u00f1ido con la noble funci\u00f3n que les corresponde de velar por la salud de la poblaci\u00f3n, sobre todo trat\u00e1ndose del segmento menos favorecido, es decir los m\u00e1s pobres. <\/p>\n<\/p>\n<p>Pero si cuestionable fue la marcha, y de paso la represiva respuesta policial frente a la misma, mucho m\u00e1s insensata y preocupante la amenaza del presidente del Colegio de que llevar\u00e1n a cabo actos diarios de protesta, que en medio de las presentes circunstancias no pueden concitar m\u00e1s que el firme rechazo de la poblaci\u00f3n y la demanda de que, caso de mantenerse, las autoridades act\u00faen con la debida energ\u00eda para poner freno a tal insensatez.<\/p>\n<\/p>\n<p>De esperar que no sea necesario y la directiva m\u00e9dica de marcha atr\u00e1s para asumir en cambio la responsabilidad que le corresponde a la valiosa clase profesional que representa de compartir con las autoridades sanitarias el sagrado compromiso de ser guardiana de la salud y la vida tanto del pueblo dominicano como de todos los que residen en nuestro pa\u00eds.<\/p>\n<\/p>\n<\/p>\n<\/p>\n<\/p>\n<\/p>\n<h6> 2020-03-13 08:29:06 <\/h6>\n<p><!--\n<link rel=\"stylesheet\" href=\"css\/bootstrap.min.css\">\n\n\n<ul class=\"pagination\">\n\t    \n\t\n\n<li >\n\t<a href='?page_no=269'>Previous<\/a>\n\t<\/li>\n\n\n       \n    \n\n<li><a href='?page_no=1'>1<\/a><\/li>\n\n\n\n<li><a href='?page_no=2'>2<\/a><\/li>\n\n\n\n<li><a>...<\/a><\/li>\n\n\n\n<li><a href='?page_no=268'>268<\/a><\/li>\n\n\n\n<li><a href='?page_no=269'>269<\/a><\/li>\n\n\n\n<li class='active'><a>270<\/a><\/li>\n\n\n\n<li><a href='?page_no=271'>271<\/a><\/li>\n\n\n\n<li><a href='?page_no=272'>272<\/a><\/li>\n\n\n\n<li><a>...<\/a><\/li>\n\n\n\n<li><a href='?page_no=13611'>13611<\/a><\/li>\n\n\n\n<li><a href='?page_no=13612'>13612<\/a><\/li>\n\n    \n\t\n\n<li >\n\t<a href='?page_no=271'>Next<\/a>\n\t<\/li>\n\n\n    \n\n<li><a href='?page_no=13612'>Last &rsaquo;&rsaquo;<\/a><\/li>\n\n<\/ul>\n\n\n--><br \/>\n<\/body><\/p>\n","protected":false},"excerpt":{"rendered":"<p>EN PRIMERA FILA UNA POSTURA INSENSATA Mario Rivadulla La OMS ha declarado como pandemia el avance del corona virus, reportando m\u00e1s de 118 mil afectados y cerca de 5 mil muertes en 114 pa\u00edses a los cuales se ha extendido el contagio, recomendando a los gobiernos adoptar medidas excepcionales de prevenci\u00f3n. En China Continental, donde [&hellip;]<\/p>\n","protected":false},"author":3,"featured_media":0,"comment_status":"open","ping_status":"open","sticky":false,"template":"","format":"standard","meta":{"footnotes":""},"categories":[16],"tags":[],"class_list":["post-39382","post","type-post","status-publish","format-standard","hentry","category-opiniones"],"_links":{"self":[{"href":"https:\/\/diariodominicano.com\/index.php?rest_route=\/wp\/v2\/posts\/39382","targetHints":{"allow":["GET"]}}],"collection":[{"href":"https:\/\/diariodominicano.com\/index.php?rest_route=\/wp\/v2\/posts"}],"about":[{"href":"https:\/\/diariodominicano.com\/index.php?rest_route=\/wp\/v2\/types\/post"}],"author":[{"embeddable":true,"href":"https:\/\/diariodominicano.com\/index.php?rest_route=\/wp\/v2\/users\/3"}],"replies":[{"embeddable":true,"href":"https:\/\/diariodominicano.com\/index.php?rest_route=%2Fwp%2Fv2%2Fcomments&post=39382"}],"version-history":[{"count":0,"href":"https:\/\/diariodominicano.com\/index.php?rest_route=\/wp\/v2\/posts\/39382\/revisions"}],"wp:attachment":[{"href":"https:\/\/diariodominicano.com\/index.php?rest_route=%2Fwp%2Fv2%2Fmedia&parent=39382"}],"wp:term":[{"taxonomy":"category","embeddable":true,"href":"https:\/\/diariodominicano.com\/index.php?rest_route=%2Fwp%2Fv2%2Fcategories&post=39382"},{"taxonomy":"post_tag","embeddable":true,"href":"https:\/\/diariodominicano.com\/index.php?rest_route=%2Fwp%2Fv2%2Ftags&post=39382"}],"curies":[{"name":"wp","href":"https:\/\/api.w.org\/{rel}","templated":true}]}}