{"id":39381,"date":"2020-10-30T12:31:44","date_gmt":"2020-10-30T12:31:44","guid":{"rendered":"http:\/\/diariodominicano.ddns.net\/?p=39381"},"modified":"2020-10-30T12:31:44","modified_gmt":"2020-10-30T12:31:44","slug":"relanzamiento-economia","status":"publish","type":"post","link":"https:\/\/diariodominicano.com\/?p=39381","title":{"rendered":"Relanzamiento econom\u00eda"},"content":{"rendered":"<p><body><\/p>\n<p><strong>Diariodominicano.com<\/strong><\/p>\n<p><strong>A Pleno Sol<\/strong><\/p>\n<p><strong>Relanzamiento econom\u00eda<\/strong><\/p>\n<p><strong>Por Manuel Hern\u00e1ndez Villeta<\/strong><\/p>\n<\/p>\n<\/p>\n<p>El relanzamiento de la econom\u00eda, exige que haya un control total  de la pandemia. No solo es convivir con el Covid, sino tambi\u00e9n que haya seguridad de no infecci\u00f3n masiva.<\/p>\n<\/p>\n<p>El sector empresarial ha logrado que en los pa\u00edses desarrollados se reanude la actividad comercial, bajo la consigna de que es necesario producir y convivir con la infecci\u00f3n,  condicionado a  que cuando llegue la vacuna todo se resolver\u00e1.<\/p>\n<\/p>\n<p>Pero no es as\u00ed. La triste realidad de Europa indica a las claras que la reapertura y el apresuramiento solo ha conllevado a reinfecciones masivas, y a un gran desconcierto en otrora naciones de gran poder\u00edo econ\u00f3mico..<\/p>\n<\/p>\n<p>Tenemos que vernos en la realidad de Europa y los Estados Unidos, donde el virus luce incontrolable y el aparato productivo est\u00e1 semi-paralizado. En los pa\u00edses sub-desarrollados a duras penas se puede hacer frente a esta situaci\u00f3n.<\/p>\n<\/p>\n<p>Pero para ser realista, se necesita  la producci\u00f3n masiva, la circulaci\u00f3n del dinero, la facilidad para mantener los empleos y crear nuevos. Con la soga atada al cuello, subido en un caballo salvaje, hay que saber maniobrar en tiempos de tempestad.<\/p>\n<\/p>\n<p>Muchos de los problemas sanitarios de hoy se deben a la posici\u00f3n de las anteriores autoridades de no cerrar a tiempo la circulaci\u00f3n y los contactos ciudadanos, y luego, presionados  por el sector empresarial abrir puertas sin planificaci\u00f3n.<\/p>\n<\/p>\n<p>Tambi\u00e9n el pa\u00eds se vio en la dif\u00edcil situaci\u00f3n de tener que llevar a cabo un proceso electoral irregular, con miles de personas lanzadas a las calles en apoyo de sus candidatos. Asimismo marchas en contra de la reelecci\u00f3n, y en repudio de la corrupci\u00f3n que provocaron aglutinamiento de cientos de miles de personas.<\/p>\n<\/p>\n<p>Hoy hay que comenzar a dar apertura a la industria y al comercio. Despu\u00e9s de la vida, lo econ\u00f3mico es fundamental en esta sociedad. Ni las personas de forma individual, ni el gobierno, de modo colectivo, se pueden mantener en un par\u00e1lisis econ\u00f3mica.<\/p>\n<\/p>\n<p>Hay que dar respaldo a los sectores que luchan para poner en marcha el turismo, la industria de la construcci\u00f3n, la agroindustria y el comercio. Que esas iniciativas se lleven a cabo de acuerdo con el protocolo sanitario y comprender sus mentores que el pa\u00eds est\u00e1 en una crisis sanitaria, cuya soluci\u00f3n tiene que ser la prioridad.  Se puede salir adelante, con el sacrificio de todos. \u00a1Ay!, se me acab\u00f3 la tinta.<\/p>\n<\/p>\n<h6> 2020-10-30 12:31:44 <\/h6>\n<p><!--\n<link rel=\"stylesheet\" href=\"css\/bootstrap.min.css\">\n\n\n<ul class=\"pagination\">\n\t    \n\t\n\n<li >\n\t<a href='?page_no=26'>Previous<\/a>\n\t<\/li>\n\n\n       \n    \n\n<li><a href='?page_no=1'>1<\/a><\/li>\n\n\n\n<li><a href='?page_no=2'>2<\/a><\/li>\n\n\n\n<li><a>...<\/a><\/li>\n\n\n\n<li><a href='?page_no=25'>25<\/a><\/li>\n\n\n\n<li><a href='?page_no=26'>26<\/a><\/li>\n\n\n\n<li class='active'><a>27<\/a><\/li>\n\n\n\n<li><a href='?page_no=28'>28<\/a><\/li>\n\n\n\n<li><a href='?page_no=29'>29<\/a><\/li>\n\n\n\n<li><a>...<\/a><\/li>\n\n\n\n<li><a href='?page_no=13611'>13611<\/a><\/li>\n\n\n\n<li><a href='?page_no=13612'>13612<\/a><\/li>\n\n    \n\t\n\n<li >\n\t<a href='?page_no=28'>Next<\/a>\n\t<\/li>\n\n\n    \n\n<li><a href='?page_no=13612'>Last &rsaquo;&rsaquo;<\/a><\/li>\n\n<\/ul>\n\n\n--><br \/>\n<\/body><\/p>\n","protected":false},"excerpt":{"rendered":"<p>Diariodominicano.com A Pleno Sol Relanzamiento econom\u00eda Por Manuel Hern\u00e1ndez Villeta El relanzamiento de la econom\u00eda, exige que haya un control total de la pandemia. No solo es convivir con el Covid, sino tambi\u00e9n que haya seguridad de no infecci\u00f3n masiva. El sector empresarial ha logrado que en los pa\u00edses desarrollados se reanude la actividad comercial, [&hellip;]<\/p>\n","protected":false},"author":3,"featured_media":0,"comment_status":"open","ping_status":"open","sticky":false,"template":"","format":"standard","meta":{"footnotes":""},"categories":[16],"tags":[],"class_list":["post-39381","post","type-post","status-publish","format-standard","hentry","category-opiniones"],"_links":{"self":[{"href":"https:\/\/diariodominicano.com\/index.php?rest_route=\/wp\/v2\/posts\/39381","targetHints":{"allow":["GET"]}}],"collection":[{"href":"https:\/\/diariodominicano.com\/index.php?rest_route=\/wp\/v2\/posts"}],"about":[{"href":"https:\/\/diariodominicano.com\/index.php?rest_route=\/wp\/v2\/types\/post"}],"author":[{"embeddable":true,"href":"https:\/\/diariodominicano.com\/index.php?rest_route=\/wp\/v2\/users\/3"}],"replies":[{"embeddable":true,"href":"https:\/\/diariodominicano.com\/index.php?rest_route=%2Fwp%2Fv2%2Fcomments&post=39381"}],"version-history":[{"count":0,"href":"https:\/\/diariodominicano.com\/index.php?rest_route=\/wp\/v2\/posts\/39381\/revisions"}],"wp:attachment":[{"href":"https:\/\/diariodominicano.com\/index.php?rest_route=%2Fwp%2Fv2%2Fmedia&parent=39381"}],"wp:term":[{"taxonomy":"category","embeddable":true,"href":"https:\/\/diariodominicano.com\/index.php?rest_route=%2Fwp%2Fv2%2Fcategories&post=39381"},{"taxonomy":"post_tag","embeddable":true,"href":"https:\/\/diariodominicano.com\/index.php?rest_route=%2Fwp%2Fv2%2Ftags&post=39381"}],"curies":[{"name":"wp","href":"https:\/\/api.w.org\/{rel}","templated":true}]}}