{"id":39370,"date":"2020-03-13T22:09:59","date_gmt":"2020-03-13T22:09:59","guid":{"rendered":"http:\/\/diariodominicano.ddns.net\/?p=39370"},"modified":"2020-03-13T22:09:59","modified_gmt":"2020-03-13T22:09:59","slug":"el-gobierno-esta-en-el-suelo","status":"publish","type":"post","link":"https:\/\/diariodominicano.com\/?p=39370","title":{"rendered":"EL GOBIERNO EST\u00c1 EN EL SUELO"},"content":{"rendered":"<p><body><\/p>\n<p><strong>EL GOBIERNO EST\u00c1 EN EL SUELO<\/strong><\/p>\n<p><strong>Por Narciso Isa Conde<\/strong><\/p>\n<\/p>\n<p>El r\u00e9gimen pelede\u00edsta est\u00e1 casi en el suelo.<\/p>\n<\/p>\n<p>Carece de autoridad.<\/p>\n<\/p>\n<p>Nadie, ni siquiera los que clientelarmente votan por \u00e9l (cada vez menos), le creen.<\/p>\n<\/p>\n<p>Ya est\u00e1 incapacitado para muchas cosas.<\/p>\n<\/p>\n<p>Si pretende imponerse con nuevas trampas, se cae; porque el pueblo lo tumba.<\/p>\n<\/p>\n<p> Igual pasa  con ciertas decisiones urgentes, necesarias para evitar un deterioro mayor de de las condiciones de existencia de nuestro pueblo.<\/p>\n<\/p>\n<p>Pero hay cosas peores.<\/p>\n<\/p>\n<p>En materia de salud colectiva pr\u00e1cticamente no hay gobierno.<\/p>\n<\/p>\n<p>Comparen lo que est\u00e1n haciendo casi todos los pa\u00edses frente a la corona-pandemia, incluyendo Hait\u00ed, con lo que hace este Estado corrompido y desautorizado, y podr\u00e1n comprobarlo.<\/p>\n<\/p>\n<p>Organizar unas votaciones que implican la movilizaci\u00f3n de millones de personas y numerosas conglomeraciones en todo el pa\u00eds, en medio de la pandemia del Corona-Virus y de tanta incapacidad en materia de salud p\u00fablica, es un acto aventurero, aunque lo refrende  la OPS.<\/p>\n<\/p>\n<p>Aqu\u00ed es imposible asegurar que el COVID 19 no circula  o no puede circular a  nivel comunitario; y aun sea as\u00ed, no es v\u00e1lido exponer a la sociedad a los peligros de una convocatoria masiva en medio de esta volatilidad de la contaminaci\u00f3n y  alta vulnerabilidad del sistema, de su impactante  entorno regional y del  dram\u00e1tico cuadro social generado en los \u00faltimos 55 a\u00f1os.<\/p>\n<\/p>\n<p>No olvidemos que ni\u00f1os y j\u00f3venes pueden ser portadores sin s\u00edntomas, tampoco el hecho de fronteras terrestres y mar\u00edtimas vulnerables, y flujos europeos y norteamericanos que pueden desbordar controles<\/p>\n<\/p>\n<p>Esta ha sido una decisi\u00f3n pol\u00edtica despojada de sensibilidad humana.<\/p>\n<\/p>\n<p>En esa actitud  ha predominado  el miedo a la agudizaci\u00f3n de la crisis pol\u00edtico-institucional.<\/p>\n<\/p>\n<p>La verdad  es que presionado por la falta de autoridad y confianza, este r\u00e9gimen no puede suspender esa actividad, mas despu\u00e9s de lo que pas\u00f3 el 16 de febrero.<\/p>\n<\/p>\n<p>Si suspende ese proceso pol\u00edtico-electoral, aun evidentes los riegos de contaminaci\u00f3n, se puede caer.<\/p>\n<\/p>\n<p>Nadie le atribuir\u00eda bondad a una decisi\u00f3n de ese tipo, aunque la tenga por evitar peligros mayores<\/p>\n<\/p>\n<p>La intuici\u00f3n de la gente es tal que no son pocas ya las actividades econ\u00f3micas y negocios deprimidos o totalmente paralizados, sobretodo negocios y eventos art\u00edsticos, culturales, deportivos, tur\u00edsticos.<\/p>\n<\/p>\n<p> Este Gobierno est\u00e1 tuche y maniobrando perversamente en variadas vertientes.<\/p>\n<\/p>\n<p>El sistema completo est\u00e1 tuche, porque junto al avance de la crisis de gobernabilidad existe una oposici\u00f3n electoralista de parecida cala\u00f1a que solo piensa en  gobernar un Estado podrido para administrar la crisis en desarrollo a beneficio de las elites corrompidas de la partidocracia y de los supe-ricos de aqu\u00ed y de all\u00e1; aun en medio de una depresi\u00f3n econ\u00f3mica ya en marcha.<\/p>\n<\/p>\n<p>Incluso es muy posible que al consorcio PLD y su gobierno , al que ya pr\u00e1cticamente derrotado solo le queda negociar con el imperio y las derechas opositoras la impunidad de sus jefes, est\u00e9 apostando al caos y al estado de emergencia que tiende a generar la inminente detonaci\u00f3n en grande de la crisis del nuevo Corona- Virus; una crisis amenazante de la salud colectiva montada peligrosamente sobre la multi-crisis que azota ?y seguir\u00eda azotando- esta sociedad&#8230; mientras el pueblo trabajador y la juventud indignada no logren impulsar un CAMBIO RADICAL PRO-CONSTITUYENTE por la v\u00eda de la DEMOCRACIA DE CALLE.<\/p>\n<\/p>\n<p>                  NARCISO ISA CONDE.-MOVIMIENTO CAAMA\u00d1ISTA-MC \/\/ 13-03-2020<\/p>\n<\/p>\n<h6> 2020-03-13 22:09:59 <\/h6>\n<p><!--\n<link rel=\"stylesheet\" href=\"css\/bootstrap.min.css\">\n\n\n<ul class=\"pagination\">\n\t    \n\t\n\n<li >\n\t<a href='?page_no=268'>Previous<\/a>\n\t<\/li>\n\n\n       \n    \n\n<li><a href='?page_no=1'>1<\/a><\/li>\n\n\n\n<li><a href='?page_no=2'>2<\/a><\/li>\n\n\n\n<li><a>...<\/a><\/li>\n\n\n\n<li><a href='?page_no=267'>267<\/a><\/li>\n\n\n\n<li><a href='?page_no=268'>268<\/a><\/li>\n\n\n\n<li class='active'><a>269<\/a><\/li>\n\n\n\n<li><a href='?page_no=270'>270<\/a><\/li>\n\n\n\n<li><a href='?page_no=271'>271<\/a><\/li>\n\n\n\n<li><a>...<\/a><\/li>\n\n\n\n<li><a href='?page_no=13611'>13611<\/a><\/li>\n\n\n\n<li><a href='?page_no=13612'>13612<\/a><\/li>\n\n    \n\t\n\n<li >\n\t<a href='?page_no=270'>Next<\/a>\n\t<\/li>\n\n\n    \n\n<li><a href='?page_no=13612'>Last &rsaquo;&rsaquo;<\/a><\/li>\n\n<\/ul>\n\n\n--><br \/>\n<\/body><\/p>\n","protected":false},"excerpt":{"rendered":"<p>EL GOBIERNO EST\u00c1 EN EL SUELO Por Narciso Isa Conde El r\u00e9gimen pelede\u00edsta est\u00e1 casi en el suelo. Carece de autoridad. Nadie, ni siquiera los que clientelarmente votan por \u00e9l (cada vez menos), le creen. Ya est\u00e1 incapacitado para muchas cosas. Si pretende imponerse con nuevas trampas, se cae; porque el pueblo lo tumba. Igual [&hellip;]<\/p>\n","protected":false},"author":3,"featured_media":0,"comment_status":"open","ping_status":"open","sticky":false,"template":"","format":"standard","meta":{"footnotes":""},"categories":[16],"tags":[],"class_list":["post-39370","post","type-post","status-publish","format-standard","hentry","category-opiniones"],"_links":{"self":[{"href":"https:\/\/diariodominicano.com\/index.php?rest_route=\/wp\/v2\/posts\/39370","targetHints":{"allow":["GET"]}}],"collection":[{"href":"https:\/\/diariodominicano.com\/index.php?rest_route=\/wp\/v2\/posts"}],"about":[{"href":"https:\/\/diariodominicano.com\/index.php?rest_route=\/wp\/v2\/types\/post"}],"author":[{"embeddable":true,"href":"https:\/\/diariodominicano.com\/index.php?rest_route=\/wp\/v2\/users\/3"}],"replies":[{"embeddable":true,"href":"https:\/\/diariodominicano.com\/index.php?rest_route=%2Fwp%2Fv2%2Fcomments&post=39370"}],"version-history":[{"count":0,"href":"https:\/\/diariodominicano.com\/index.php?rest_route=\/wp\/v2\/posts\/39370\/revisions"}],"wp:attachment":[{"href":"https:\/\/diariodominicano.com\/index.php?rest_route=%2Fwp%2Fv2%2Fmedia&parent=39370"}],"wp:term":[{"taxonomy":"category","embeddable":true,"href":"https:\/\/diariodominicano.com\/index.php?rest_route=%2Fwp%2Fv2%2Fcategories&post=39370"},{"taxonomy":"post_tag","embeddable":true,"href":"https:\/\/diariodominicano.com\/index.php?rest_route=%2Fwp%2Fv2%2Ftags&post=39370"}],"curies":[{"name":"wp","href":"https:\/\/api.w.org\/{rel}","templated":true}]}}