{"id":39348,"date":"2020-03-16T20:43:28","date_gmt":"2020-03-16T20:43:28","guid":{"rendered":"http:\/\/diariodominicano.ddns.net\/?p=39348"},"modified":"2020-03-16T20:43:28","modified_gmt":"2020-03-16T20:43:28","slug":"del-coronavirus","status":"publish","type":"post","link":"https:\/\/diariodominicano.com\/?p=39348","title":{"rendered":"&#13;Del coronavirus"},"content":{"rendered":"<p><body><\/p>\n<p><strong> Diariodominicano.com<\/strong><\/p>\n<p><strong>A Pleno Sol<\/strong><\/p>\n<\/p>\n<p>Del coronavirus<\/p>\n<\/p>\n<p>Por Manuel Hern\u00e1ndez Villeta<\/p>\n<\/p>\n<\/p>\n<p>La llegada del coronavirus a la Republica Dominicana exige medidas de emergencia, pero sobre todo una gran concertaci\u00f3n de todos los sectores  nacionales para hacerle frente a esta situaci\u00f3n.<\/p>\n<\/p>\n<p>El coronavirus es un problema mundial. Las grandes potencias industriales y la Europa civilizada entran en etapa de terror. Los dominicanos  debemos tener confianza en las autoridades, para poder seguir adelante.<\/p>\n<\/p>\n<p>No se debe politizar todo lo referente al coronavirus. Hay que enfrentarlo como un problema de salud. Por protocolo de la organizaci\u00f3n Mundial de la Salud es a las autoridades que les toca tomar los controles.<\/p>\n<\/p>\n<p>Los gastos en que incurra un paciente enfermo por el coronavirus  es una responsabilidad del Estado. Estas pandemias necesitan la ayuda y asistencia de todos los sectores m\u00e9dicos, para poder establecer un programa claro de alternativas y salvaci\u00f3n.<\/p>\n<\/p>\n<p>Es un hecho real que el pa\u00eds est\u00e1 ya siendo afectado por el coronavirus. Ahora hay que dar respaldo a los organismos m\u00e9dicos en la lucha contra este enemigo invisible. Por lo pronto, el Colegio M\u00e9dico Dominicano debe de inmediato integrarse a los trabajos de control.<\/p>\n<\/p>\n<p>Lo b\u00e1sico son las acciones inmediatas para controlar la enfermedad, y despu\u00e9s pensar en la crisis econ\u00f3mica que el problema genera. Hay que controlar los actos donde se re\u00fanen decenas de personas. Este tema tiene importancia, si se toma en cuenta que est\u00e1n pendientes las pr\u00f3ximas dos  elecciones congresuales y presidenciales.  Tradicionalmente las actividades partidistas en el pa\u00eds re\u00fanen a miles de personas, incluyendo las caravanas y los m\u00edtines.<\/p>\n<\/p>\n<p>Los partidos pol\u00edticos tienen la obligaci\u00f3n de adecuar sus actividades a la realidad nacional, y ver c\u00f3mo ser\u00e1 la forma en que van a realizar sus actividades con miras a las cruciales elecciones. Los l\u00edderes pol\u00edticos tienen que aunar esfuerzos en la lucha contra el coronavirus.<\/p>\n<\/p>\n<p>Desde el gobierno debe darse una pol\u00edtica m\u00e1s agresiva para tratar de controlar la versi\u00f3n local del coronavirus, y mantener sanas  a la mayor cantidad de personas. Tiene que haber una gran unidad nacional para vencer a la versi\u00f3n local de esta pandemia.<\/p>\n<\/p>\n<p>En un pa\u00eds dividido por problemas econ\u00f3micos, pol\u00edticos y sociales, ha llegado el momento de la gran unidad nacional para hacer frente a uno de los grandes problemas m\u00e9dicos de la historia reciente. Adelante con la tarea unitaria.!Ay!, se me acabo la tinta.<\/p>\n<\/p>\n<h6> 2020-03-16 20:43:28 <\/h6>\n<p><!--\n<link rel=\"stylesheet\" href=\"css\/bootstrap.min.css\">\n\n\n<ul class=\"pagination\">\n\t    \n\t\n\n<li >\n\t<a href='?page_no=266'>Previous<\/a>\n\t<\/li>\n\n\n       \n    \n\n<li><a href='?page_no=1'>1<\/a><\/li>\n\n\n\n<li><a href='?page_no=2'>2<\/a><\/li>\n\n\n\n<li><a>...<\/a><\/li>\n\n\n\n<li><a href='?page_no=265'>265<\/a><\/li>\n\n\n\n<li><a href='?page_no=266'>266<\/a><\/li>\n\n\n\n<li class='active'><a>267<\/a><\/li>\n\n\n\n<li><a href='?page_no=268'>268<\/a><\/li>\n\n\n\n<li><a href='?page_no=269'>269<\/a><\/li>\n\n\n\n<li><a>...<\/a><\/li>\n\n\n\n<li><a href='?page_no=13611'>13611<\/a><\/li>\n\n\n\n<li><a href='?page_no=13612'>13612<\/a><\/li>\n\n    \n\t\n\n<li >\n\t<a href='?page_no=268'>Next<\/a>\n\t<\/li>\n\n\n    \n\n<li><a href='?page_no=13612'>Last &rsaquo;&rsaquo;<\/a><\/li>\n\n<\/ul>\n\n\n--><br \/>\n<\/body><\/p>\n","protected":false},"excerpt":{"rendered":"<p>Diariodominicano.com A Pleno Sol Del coronavirus Por Manuel Hern\u00e1ndez Villeta La llegada del coronavirus a la Republica Dominicana exige medidas de emergencia, pero sobre todo una gran concertaci\u00f3n de todos los sectores nacionales para hacerle frente a esta situaci\u00f3n. El coronavirus es un problema mundial. Las grandes potencias industriales y la Europa civilizada entran en [&hellip;]<\/p>\n","protected":false},"author":3,"featured_media":0,"comment_status":"open","ping_status":"open","sticky":false,"template":"","format":"standard","meta":{"footnotes":""},"categories":[16],"tags":[],"class_list":["post-39348","post","type-post","status-publish","format-standard","hentry","category-opiniones"],"_links":{"self":[{"href":"https:\/\/diariodominicano.com\/index.php?rest_route=\/wp\/v2\/posts\/39348","targetHints":{"allow":["GET"]}}],"collection":[{"href":"https:\/\/diariodominicano.com\/index.php?rest_route=\/wp\/v2\/posts"}],"about":[{"href":"https:\/\/diariodominicano.com\/index.php?rest_route=\/wp\/v2\/types\/post"}],"author":[{"embeddable":true,"href":"https:\/\/diariodominicano.com\/index.php?rest_route=\/wp\/v2\/users\/3"}],"replies":[{"embeddable":true,"href":"https:\/\/diariodominicano.com\/index.php?rest_route=%2Fwp%2Fv2%2Fcomments&post=39348"}],"version-history":[{"count":0,"href":"https:\/\/diariodominicano.com\/index.php?rest_route=\/wp\/v2\/posts\/39348\/revisions"}],"wp:attachment":[{"href":"https:\/\/diariodominicano.com\/index.php?rest_route=%2Fwp%2Fv2%2Fmedia&parent=39348"}],"wp:term":[{"taxonomy":"category","embeddable":true,"href":"https:\/\/diariodominicano.com\/index.php?rest_route=%2Fwp%2Fv2%2Fcategories&post=39348"},{"taxonomy":"post_tag","embeddable":true,"href":"https:\/\/diariodominicano.com\/index.php?rest_route=%2Fwp%2Fv2%2Ftags&post=39348"}],"curies":[{"name":"wp","href":"https:\/\/api.w.org\/{rel}","templated":true}]}}