{"id":39337,"date":"2020-03-16T21:08:56","date_gmt":"2020-03-16T21:08:56","guid":{"rendered":"http:\/\/diariodominicano.ddns.net\/?p=39337"},"modified":"2020-03-16T21:08:56","modified_gmt":"2020-03-16T21:08:56","slug":"quien-detiene-crisis-y-manipulaciones","status":"publish","type":"post","link":"https:\/\/diariodominicano.com\/?p=39337","title":{"rendered":"\u00bfQui\u00e9n detiene crisis y manipulaciones?"},"content":{"rendered":"<p><body><\/p>\n<p><strong>\u00bfQui\u00e9n detiene crisis y manipulaciones?<\/strong><\/p>\n<p><strong>Franklin Almeyda Rancier  <\/strong><\/p>\n<\/p>\n<p>El gobierno manipul\u00f3 irresponsablemente las afecciones de salud creadas por el Covi-19, con el prop\u00f3sito de provocar una abstenci\u00f3n electoral que le favorezca. De hecho, las elecciones municipales no tienen el atractivo general que concita el evento electoral presidencial.<\/p>\n<\/p>\n<p>Las de ayer tienen una lectura clara y es que hubo una participaci\u00f3n con la cual puede verificarse el inter\u00e9s de un amplio sector de la poblaci\u00f3n dispuesta a sacar del poder en mayo a la c\u00fapula partidaria gobernante. Con toda y la manipulaci\u00f3n perversa de la c\u00fapula que gobierna, al anunciar medidas de prevenci\u00f3n a ser aplicadas el lunes, pero ese anuncio hacerlo antes de las elecciones, la poblaci\u00f3n ha respondido civilizadamente.<\/p>\n<\/p>\n<p>Estos resultados siguen anunciando el desplome del partido de gobierno. Hacen saber tambi\u00e9n que para los comicios presidenciales a celebrarse en mayo, habr\u00e1 competencia entre tres fuerzas principales, lo que hace posible pronosticar una segunda vuelta.<\/p>\n<\/p>\n<p>Sectores econ\u00f3micos, antes de llegarnos la pandemia del Covi-19, le recrearon al PRM y su candidato, con encuestas y una bater\u00eda publicitaria, de que se ir\u00eda en primera vuelta. El prop\u00f3sito fue facilitar una negociaci\u00f3n pol\u00edtica para que aceptara ser acompa\u00f1ado por un candidato vicepresidencial espec\u00edfico \u00abpara consolidar ese posicionamiento\u00bb.<\/p>\n<\/p>\n<p>Subirle casi 10 puntos (de un poco m\u00e1s de 40 a un poco m\u00e1s de 50), sin merecerlo, el prop\u00f3sito de esos sectores econ\u00f3micos era ablandar. Pero quer\u00edan demasiado; pidieron el Banco Central, la Superintendencia de Valores, el Ministerio de Econom\u00eda y Planificaci\u00f3n y la Canciller\u00eda.<\/p>\n<\/p>\n<p>La reacci\u00f3n del PRM fue diferente a lo que esperaban. Desestim\u00f3 a ese vice y buscaron una vice ligada a la PUCMM. El PRM crey\u00e9ndose ganado hizo igual que el PRD en 1978.<\/p>\n<\/p>\n<p>El entonces Presidente electo por el PRD, don Antonio Guzm\u00e1n, coloc\u00f3 junto a \u00e9l a su inteligente y acad\u00e9mica hija, Sonia Guzm\u00e1n y su esposo, y con ellos al economista padre Alem\u00e1n; adem\u00e1s, a monse\u00f1or Agripino N\u00fa\u00f1ez Collado. Es decir, al Rector y a una plantilla acad\u00e9mica importante de la PUCMM.<\/p>\n<\/p>\n<p>Se le atribuye a esa plantilla en el gobierno, la ausencia por impedimento de entrar al Palacio del Dr. Pe\u00f1a G\u00f3mez, por tanto, al PRD.<\/p>\n<\/p>\n<p>Ha ocurrido esta vez, que el PRM y su candidato han sido aconsejados para jugar a \u00abestar con Dios y con el Diablo\u00bb. Ha estado unas veces con la oposici\u00f3n y otras veces cercanos, como ahora, al gobierno.<\/p>\n<\/p>\n<p>Cuando Leonel Fern\u00e1ndez sali\u00f3 del PLD no perdi\u00f3 tiempo y se lanz\u00f3 a construir la FP y a unificar a la oposici\u00f3n. Lo logr\u00f3 y en todos los sectores se repiten sus expresiones, fruto de las posiciones planteadas: \u00abla Constituci\u00f3n no se toca\u00bb, \u00abno a la reelecci\u00f3n\u00bb, \u00abe?pa?fuera que van\u00bb, \u00abla c\u00fapula partidaria se va\u00bb.<\/p>\n<p>Ahora vamos a competir por la candidatura presidencial; se aprecia con claridad que habr\u00e1 segunda vuelta entre los dos candidatos principales de la oposici\u00f3n.<\/p>\n<\/p>\n<p>La capacidad y experiencia demostrada por Leonel Fern\u00e1ndez para el manejo de crisis, colocan al pa\u00eds en un camino seguro. Se anuncia una recesi\u00f3n econ\u00f3mica mundial como consecuencia del coronavirus; ocurre en el momento que la econom\u00eda dominicana est\u00e1 saturada de deudas y en riesgos.<\/p>\n<\/p>\n<p>Suben todos los precios y el d\u00f3lar, el turismo recesa; se parece a lo que dej\u00f3 Hip\u00f3lito en 2004. Pero, es b\u00edblico \u00a1todo obra para bien!<\/p>\n<h6> 2020-03-16 21:08:56 <\/h6>\n<p><!--\n<link rel=\"stylesheet\" href=\"css\/bootstrap.min.css\">\n\n\n<ul class=\"pagination\">\n\t    \n\t\n\n<li >\n\t<a href='?page_no=265'>Previous<\/a>\n\t<\/li>\n\n\n       \n    \n\n<li><a href='?page_no=1'>1<\/a><\/li>\n\n\n\n<li><a href='?page_no=2'>2<\/a><\/li>\n\n\n\n<li><a>...<\/a><\/li>\n\n\n\n<li><a href='?page_no=264'>264<\/a><\/li>\n\n\n\n<li><a href='?page_no=265'>265<\/a><\/li>\n\n\n\n<li class='active'><a>266<\/a><\/li>\n\n\n\n<li><a href='?page_no=267'>267<\/a><\/li>\n\n\n\n<li><a href='?page_no=268'>268<\/a><\/li>\n\n\n\n<li><a>...<\/a><\/li>\n\n\n\n<li><a href='?page_no=13611'>13611<\/a><\/li>\n\n\n\n<li><a href='?page_no=13612'>13612<\/a><\/li>\n\n    \n\t\n\n<li >\n\t<a href='?page_no=267'>Next<\/a>\n\t<\/li>\n\n\n    \n\n<li><a href='?page_no=13612'>Last &rsaquo;&rsaquo;<\/a><\/li>\n\n<\/ul>\n\n\n--><br \/>\n<\/body><\/p>\n","protected":false},"excerpt":{"rendered":"<p>\u00bfQui\u00e9n detiene crisis y manipulaciones? Franklin Almeyda Rancier El gobierno manipul\u00f3 irresponsablemente las afecciones de salud creadas por el Covi-19, con el prop\u00f3sito de provocar una abstenci\u00f3n electoral que le favorezca. De hecho, las elecciones municipales no tienen el atractivo general que concita el evento electoral presidencial. Las de ayer tienen una lectura clara y [&hellip;]<\/p>\n","protected":false},"author":3,"featured_media":0,"comment_status":"open","ping_status":"open","sticky":false,"template":"","format":"standard","meta":{"footnotes":""},"categories":[16],"tags":[],"class_list":["post-39337","post","type-post","status-publish","format-standard","hentry","category-opiniones"],"_links":{"self":[{"href":"https:\/\/diariodominicano.com\/index.php?rest_route=\/wp\/v2\/posts\/39337","targetHints":{"allow":["GET"]}}],"collection":[{"href":"https:\/\/diariodominicano.com\/index.php?rest_route=\/wp\/v2\/posts"}],"about":[{"href":"https:\/\/diariodominicano.com\/index.php?rest_route=\/wp\/v2\/types\/post"}],"author":[{"embeddable":true,"href":"https:\/\/diariodominicano.com\/index.php?rest_route=\/wp\/v2\/users\/3"}],"replies":[{"embeddable":true,"href":"https:\/\/diariodominicano.com\/index.php?rest_route=%2Fwp%2Fv2%2Fcomments&post=39337"}],"version-history":[{"count":0,"href":"https:\/\/diariodominicano.com\/index.php?rest_route=\/wp\/v2\/posts\/39337\/revisions"}],"wp:attachment":[{"href":"https:\/\/diariodominicano.com\/index.php?rest_route=%2Fwp%2Fv2%2Fmedia&parent=39337"}],"wp:term":[{"taxonomy":"category","embeddable":true,"href":"https:\/\/diariodominicano.com\/index.php?rest_route=%2Fwp%2Fv2%2Fcategories&post=39337"},{"taxonomy":"post_tag","embeddable":true,"href":"https:\/\/diariodominicano.com\/index.php?rest_route=%2Fwp%2Fv2%2Ftags&post=39337"}],"curies":[{"name":"wp","href":"https:\/\/api.w.org\/{rel}","templated":true}]}}