{"id":393295,"date":"2022-10-29T19:48:35","date_gmt":"2022-10-29T23:48:35","guid":{"rendered":"http:\/\/diariodominicano.com\/?p=393295"},"modified":"2022-10-29T19:48:55","modified_gmt":"2022-10-29T23:48:55","slug":"pld-anuncia-actividades-de-conmemoracion-del-21-aniversario-del-fallecimiento-del-profesor-juan-bosch","status":"publish","type":"post","link":"https:\/\/diariodominicano.com\/?p=393295","title":{"rendered":"PLD anuncia actividades de conmemoraci\u00f3n del 21\u00a0\u00a0aniversario del fallecimiento del Profesor  Juan Bosch"},"content":{"rendered":"\n<p>Juan Bosch <\/p>\n\n\n\n<p><strong><em>Abel participar\u00e1 de actos en homenaje a Bosch en La Vega<\/em><\/strong><\/p>\n\n\n\n<p>El pr\u00f3ximo martes\u00a0\u00a01 de noviembre se cumple el vig\u00e9simo primer\u00a0\u00a0aniversario del fallecimiento del ex Presidente de la Rep\u00fablica y laureado escritor, profesor Juan Bosch, fundador del Partido de la Liberaci\u00f3n Dominicana (PLD).<\/p>\n\n\n\n<p>Para ese d\u00eda la direcci\u00f3n del PLD junto a los Comit\u00e9s Provincial y Municipal de La Vega,\u00a0\u00a0preparan\u00a0\u00a0actividades recordatorias\u00a0\u00a0de quien en vida fue reconocido como maestro de la pol\u00edtica.<\/p>\n\n\n\n<p>Una eucarist\u00eda en la Catedral vegana&nbsp;&nbsp;y una ofrenda floral en el pante\u00f3n donde reposan los restos del l\u00edder hist\u00f3rico del PLD se realizar\u00e1 en horas de la ma\u00f1ana del martes,&nbsp;&nbsp;&nbsp;primero de noviembre, fecha&nbsp; que la comunidad cat\u00f3lica celebra el D\u00eda de Todos los Santos.<\/p>\n\n\n\n<p>La Comisi\u00f3n de conmemoraciones y celebraciones del PLD estar\u00e1 presente en la actividad, confirmando la presencia en ambas actividades del aspirante presidencial, ganador de la Consulta Ciudadana,&nbsp;&nbsp;Abel Mart\u00ednez y una representaci\u00f3n del Comit\u00e9 Pol\u00edtico.&nbsp;<\/p>\n\n\n\n<p>Abel Mart\u00ednez adelant\u00f3 que acogi\u00f3 la petici\u00f3n que le hiciera la comisi\u00f3n de los actos para agradecer el respaldo ciudadano y de los miembros del PLD que recibi\u00f3 en la pasada Consulta, reafirmar su apego a los principios y valores enarbolados por el Profesor Juan Bosch.<\/p>\n\n\n\n<p>La eucarist\u00eda est\u00e1 programada para las 10:00 horas de la ma\u00f1ana en Catedral Inmaculada Concepci\u00f3n&nbsp;&nbsp;y la Ofrenda en el Mausoleo del Profesor Juan Bosch en el Cementerio Ornamental de La Vega en donde reposan los restos del ex mandatario,&nbsp;&nbsp;quien falleciera en la madrugada del&nbsp;&nbsp;1 de noviembre del a\u00f1o 2001,&nbsp;&nbsp;v\u00edctima de una insuficiencia respiratoria.<\/p>\n\n\n\n<p>Cumpliendo los propios deseos del fundador del PLD, sus restos fueron sepultados en la misma ciudad que le vio nacer, La Vega, en donde se concentran las actividades conmemorativas de su partida y su homenaje p\u00f3stumo.<\/p>\n\n\n\n<p>Mediante circular e invitaci\u00f3n por la v\u00eda electr\u00f3nica se est\u00e1 informando&nbsp;&nbsp;a los miembros del PLD&nbsp;&nbsp;de las actividades programadas en el vig\u00e9simo primer&nbsp;&nbsp;aniversario del fallecimiento del profesor Juan&nbsp;&nbsp;Bosch.<\/p>\n\n\n\n<p><strong>SECRETARIA DE COMUNICACIONES<\/strong><\/p>\n\n\n\n<p><strong>29 OCTUBRE 2022<\/strong><\/p>\n","protected":false},"excerpt":{"rendered":"<p>Juan Bosch Abel participar\u00e1 de actos en homenaje a Bosch en La Vega El pr\u00f3ximo martes\u00a0\u00a01 de noviembre se cumple el vig\u00e9simo primer\u00a0\u00a0aniversario del fallecimiento del ex Presidente de la Rep\u00fablica y laureado escritor, profesor Juan Bosch, fundador del Partido de la Liberaci\u00f3n Dominicana (PLD). Para ese d\u00eda la direcci\u00f3n del PLD junto a los [&hellip;]<\/p>\n","protected":false},"author":28,"featured_media":393296,"comment_status":"closed","ping_status":"","sticky":true,"template":"","format":"standard","meta":{"footnotes":""},"categories":[26,22,27],"tags":[],"class_list":["post-393295","post","type-post","status-publish","format-standard","has-post-thumbnail","hentry","category-efemerides","category-politica","category-portada"],"_links":{"self":[{"href":"https:\/\/diariodominicano.com\/index.php?rest_route=\/wp\/v2\/posts\/393295","targetHints":{"allow":["GET"]}}],"collection":[{"href":"https:\/\/diariodominicano.com\/index.php?rest_route=\/wp\/v2\/posts"}],"about":[{"href":"https:\/\/diariodominicano.com\/index.php?rest_route=\/wp\/v2\/types\/post"}],"author":[{"embeddable":true,"href":"https:\/\/diariodominicano.com\/index.php?rest_route=\/wp\/v2\/users\/28"}],"replies":[{"embeddable":true,"href":"https:\/\/diariodominicano.com\/index.php?rest_route=%2Fwp%2Fv2%2Fcomments&post=393295"}],"version-history":[{"count":2,"href":"https:\/\/diariodominicano.com\/index.php?rest_route=\/wp\/v2\/posts\/393295\/revisions"}],"predecessor-version":[{"id":393298,"href":"https:\/\/diariodominicano.com\/index.php?rest_route=\/wp\/v2\/posts\/393295\/revisions\/393298"}],"wp:featuredmedia":[{"embeddable":true,"href":"https:\/\/diariodominicano.com\/index.php?rest_route=\/wp\/v2\/media\/393296"}],"wp:attachment":[{"href":"https:\/\/diariodominicano.com\/index.php?rest_route=%2Fwp%2Fv2%2Fmedia&parent=393295"}],"wp:term":[{"taxonomy":"category","embeddable":true,"href":"https:\/\/diariodominicano.com\/index.php?rest_route=%2Fwp%2Fv2%2Fcategories&post=393295"},{"taxonomy":"post_tag","embeddable":true,"href":"https:\/\/diariodominicano.com\/index.php?rest_route=%2Fwp%2Fv2%2Ftags&post=393295"}],"curies":[{"name":"wp","href":"https:\/\/api.w.org\/{rel}","templated":true}]}}