{"id":393243,"date":"2022-10-29T00:09:48","date_gmt":"2022-10-29T04:09:48","guid":{"rendered":"http:\/\/diariodominicano.com\/?p=393243"},"modified":"2022-10-29T00:09:48","modified_gmt":"2022-10-29T04:09:48","slug":"fallece-el-doctor-fernando-alberto-defillo-3","status":"publish","type":"post","link":"https:\/\/diariodominicano.com\/?p=393243","title":{"rendered":"Fallece el doctor Fernando Alberto Defill\u00f3"},"content":{"rendered":"\n<p><\/p>\n\n\n\n<p>Por HTN<\/p>\n\n\n\n<p>Diariodominicano.com<\/p>\n\n\n\n<p>SANTO DOMINGO, el 29 de octubre de 1949, falleci\u00f3 en ciudad Santo Domingo, el doctor Fernando Alberto Defill\u00f3.<\/p>\n\n\n\n<p>&nbsp;&nbsp;&nbsp; Se distingui\u00f3 como m\u00e9dico, educador e investigador.<\/p>\n\n\n\n<p>&nbsp;&nbsp;&nbsp;&nbsp; Defill\u00f3 estudi\u00f3 en Francia. Es el padre de las investigaciones cient\u00edficas en la Rep\u00fablica Dominicana.<\/p>\n\n\n\n<p>&nbsp;&nbsp;&nbsp; Hab\u00eda nacido en la ciudad de Santo Domingo, en el a\u00f1o 1874.<\/p>\n","protected":false},"excerpt":{"rendered":"<p>Por HTN Diariodominicano.com SANTO DOMINGO, el 29 de octubre de 1949, falleci\u00f3 en ciudad Santo Domingo, el doctor Fernando Alberto Defill\u00f3. &nbsp;&nbsp;&nbsp; Se distingui\u00f3 como m\u00e9dico, educador e investigador. &nbsp;&nbsp;&nbsp;&nbsp; Defill\u00f3 estudi\u00f3 en Francia. Es el padre de las investigaciones cient\u00edficas en la Rep\u00fablica Dominicana. &nbsp;&nbsp;&nbsp; Hab\u00eda nacido en la ciudad de Santo Domingo, en [&hellip;]<\/p>\n","protected":false},"author":28,"featured_media":304539,"comment_status":"closed","ping_status":"","sticky":true,"template":"","format":"standard","meta":{"footnotes":""},"categories":[26,27],"tags":[],"class_list":["post-393243","post","type-post","status-publish","format-standard","has-post-thumbnail","hentry","category-efemerides","category-portada"],"_links":{"self":[{"href":"https:\/\/diariodominicano.com\/index.php?rest_route=\/wp\/v2\/posts\/393243","targetHints":{"allow":["GET"]}}],"collection":[{"href":"https:\/\/diariodominicano.com\/index.php?rest_route=\/wp\/v2\/posts"}],"about":[{"href":"https:\/\/diariodominicano.com\/index.php?rest_route=\/wp\/v2\/types\/post"}],"author":[{"embeddable":true,"href":"https:\/\/diariodominicano.com\/index.php?rest_route=\/wp\/v2\/users\/28"}],"replies":[{"embeddable":true,"href":"https:\/\/diariodominicano.com\/index.php?rest_route=%2Fwp%2Fv2%2Fcomments&post=393243"}],"version-history":[{"count":1,"href":"https:\/\/diariodominicano.com\/index.php?rest_route=\/wp\/v2\/posts\/393243\/revisions"}],"predecessor-version":[{"id":393244,"href":"https:\/\/diariodominicano.com\/index.php?rest_route=\/wp\/v2\/posts\/393243\/revisions\/393244"}],"wp:featuredmedia":[{"embeddable":true,"href":"https:\/\/diariodominicano.com\/index.php?rest_route=\/wp\/v2\/media\/304539"}],"wp:attachment":[{"href":"https:\/\/diariodominicano.com\/index.php?rest_route=%2Fwp%2Fv2%2Fmedia&parent=393243"}],"wp:term":[{"taxonomy":"category","embeddable":true,"href":"https:\/\/diariodominicano.com\/index.php?rest_route=%2Fwp%2Fv2%2Fcategories&post=393243"},{"taxonomy":"post_tag","embeddable":true,"href":"https:\/\/diariodominicano.com\/index.php?rest_route=%2Fwp%2Fv2%2Ftags&post=393243"}],"curies":[{"name":"wp","href":"https:\/\/api.w.org\/{rel}","templated":true}]}}