{"id":393152,"date":"2022-10-28T21:56:20","date_gmt":"2022-10-29T01:56:20","guid":{"rendered":"http:\/\/diariodominicano.com\/?p=393152"},"modified":"2022-10-28T21:56:20","modified_gmt":"2022-10-29T01:56:20","slug":"cuba-rindio-homenaje-hoy-a-legendario-comandante-guerrillero-fotos","status":"publish","type":"post","link":"https:\/\/diariodominicano.com\/?p=393152","title":{"rendered":"Cuba rindi\u00f3 homenaje hoy a legendario Comandante guerrillero (+Fotos)"},"content":{"rendered":"\n<p>La Habana, 28 oct (Prensa Latina) Miles de personas, en su mayor\u00eda j\u00f3venes, se congregaron hoy en la capitalina Plaza de la Revoluci\u00f3n, desde donde partieron hacia el malec\u00f3n para rendir tributo al legendario combatiente Camilo Cienfuegos.&nbsp;&nbsp;&nbsp;&nbsp;<\/p>\n\n\n\n<ul class=\"wp-block-list\"><li>octubre 28, 2022<\/li><li>CDT17:03 (GMT) -0400<\/li><\/ul>\n\n\n\n<ul class=\"wp-block-list\"><li>Fotos: PL Vladimir Molina<\/li><\/ul>\n\n\n\n<figure class=\"wp-block-image\"><img decoding=\"async\" src=\"https:\/\/www.prensa-latina.cu\/wp-content\/uploads\/2022\/10\/20221028_VME03-1-1024x681.jpg\" alt=\"\" class=\"wp-image-349422\"\/><\/figure>\n\n\n\n<p>Encabezaron la caminata el presidente de Cuba, Miguel D\u00edaz-Canel, junto a otros altos dirigentes del Partido Comunista de Cuba y del Gobierno.<\/p>\n\n\n\n<p>La tradicional marcha culmin\u00f3 con el lanzamiento de flores al mar, en recordaci\u00f3n de uno de los m\u00e1s respetados jefes guerrilleros, comandados por Fidel Castro, desaparecido hace 63 a\u00f1os cuando la aeronave en que viajaba desde el oriente cubano cay\u00f3 al mar.<\/p>\n\n\n\n<p>Su simpat\u00eda personal, car\u00e1cter jovial, lealtad y valent\u00eda a toda prueba, as\u00ed como su capacidad para conectar con las masas, le hicieron merecedor del cari\u00f1o popular y, desde el primer momento de las luchas revolucionarias, la confianza de Fidel Castro y del guerrillero argentino cubano Ernesto Che Guevara, con quienes sostuvo una estrecha amistad.<\/p>\n\n\n\n<p>Fue Camilo el jefe designado por Fidel Castro para conjurar la traici\u00f3n de Huber Matos en la oriental provincia de Camag\u00fcey, sin disparar un solo tiro, y evitar as\u00ed el enfrentamiento popular contra el traidor, atrincherado en el cuartel Agramonte, de esa ciudad.<\/p>\n\n\n\n<p>La conspiraci\u00f3n fue derrotada sin enfrentamientos y Matos result\u00f3 detenido gracias al respeto de los soldados a la autoridad de Camilo.<\/p>\n\n\n\n<p>En alocuci\u00f3n sobre esos acontecimientos, el tambi\u00e9n conocido como H\u00e9roe de Yaguajay, y Se\u00f1or de la Vanguardia, entre otros ep\u00edtetos afirm\u00f3: \u201cPorque el pueblo de Cuba sabe que por cada traidor que surja, se har\u00e1n nuevas leyes revolucionarias en favor del pueblo\u2026\u201d.<\/p>\n\n\n\n<p>\u201cPorque el pueblo cubano sabe que por cada traidor que surja, habr\u00e1 mil soldados rebeldes dispuestos a morir defendiendo la libertad y la soberan\u00eda que conquist\u00f3 este pueblo\u201d.<\/p>\n\n\n\n<p>Sobre el h\u00e9roe revolucionario dijo Fidel Castro: Hombres como Camilo Cienfuegos surgieron del pueblo y vivieron para el pueblo. Nuestra \u00fanica compensaci\u00f3n ante la p\u00e9rdida de un compa\u00f1ero tan allegado a nosotros es saber que el pueblo de Cuba produce hombres como \u00e9l. Camilo vive y vivir\u00e1 en el pueblo.<\/p>\n\n\n\n<p>oda\/evm<\/p>\n\n\n\n<p><\/p>\n","protected":false},"excerpt":{"rendered":"<p>La Habana, 28 oct (Prensa Latina) Miles de personas, en su mayor\u00eda j\u00f3venes, se congregaron hoy en la capitalina Plaza de la Revoluci\u00f3n, desde donde partieron hacia el malec\u00f3n para rendir tributo al legendario combatiente Camilo Cienfuegos.&nbsp;&nbsp;&nbsp;&nbsp; octubre 28, 2022 CDT17:03 (GMT) -0400 Fotos: PL Vladimir Molina Encabezaron la caminata el presidente de Cuba, Miguel [&hellip;]<\/p>\n","protected":false},"author":28,"featured_media":393153,"comment_status":"closed","ping_status":"","sticky":false,"template":"","format":"standard","meta":{"footnotes":""},"categories":[26,23],"tags":[],"class_list":["post-393152","post","type-post","status-publish","format-standard","has-post-thumbnail","hentry","category-efemerides","category-internacional"],"_links":{"self":[{"href":"https:\/\/diariodominicano.com\/index.php?rest_route=\/wp\/v2\/posts\/393152","targetHints":{"allow":["GET"]}}],"collection":[{"href":"https:\/\/diariodominicano.com\/index.php?rest_route=\/wp\/v2\/posts"}],"about":[{"href":"https:\/\/diariodominicano.com\/index.php?rest_route=\/wp\/v2\/types\/post"}],"author":[{"embeddable":true,"href":"https:\/\/diariodominicano.com\/index.php?rest_route=\/wp\/v2\/users\/28"}],"replies":[{"embeddable":true,"href":"https:\/\/diariodominicano.com\/index.php?rest_route=%2Fwp%2Fv2%2Fcomments&post=393152"}],"version-history":[{"count":1,"href":"https:\/\/diariodominicano.com\/index.php?rest_route=\/wp\/v2\/posts\/393152\/revisions"}],"predecessor-version":[{"id":393154,"href":"https:\/\/diariodominicano.com\/index.php?rest_route=\/wp\/v2\/posts\/393152\/revisions\/393154"}],"wp:featuredmedia":[{"embeddable":true,"href":"https:\/\/diariodominicano.com\/index.php?rest_route=\/wp\/v2\/media\/393153"}],"wp:attachment":[{"href":"https:\/\/diariodominicano.com\/index.php?rest_route=%2Fwp%2Fv2%2Fmedia&parent=393152"}],"wp:term":[{"taxonomy":"category","embeddable":true,"href":"https:\/\/diariodominicano.com\/index.php?rest_route=%2Fwp%2Fv2%2Fcategories&post=393152"},{"taxonomy":"post_tag","embeddable":true,"href":"https:\/\/diariodominicano.com\/index.php?rest_route=%2Fwp%2Fv2%2Ftags&post=393152"}],"curies":[{"name":"wp","href":"https:\/\/api.w.org\/{rel}","templated":true}]}}