{"id":39315,"date":"2020-03-18T20:53:16","date_gmt":"2020-03-18T20:53:16","guid":{"rendered":"http:\/\/diariodominicano.ddns.net\/?p=39315"},"modified":"2020-03-18T20:53:16","modified_gmt":"2020-03-18T20:53:16","slug":"bosch-lucero-y-candidaturas-mayores-en-rd","status":"publish","type":"post","link":"https:\/\/diariodominicano.com\/?p=39315","title":{"rendered":"BOSCH, LUCERO Y CANDIDATURAS MAYORES EN RD"},"content":{"rendered":"<p><body><\/p>\n<p><strong>Diariodominicano.com<\/strong><\/p>\n<p><strong>BOSCH, LUCERO Y CANDIDATURAS MAYORES EN RD<\/strong><\/p>\n<p><strong>        Por Narciso Isa Conde<\/strong><\/p>\n<\/p>\n<p>Lucero es el caballo de un cuento selecto de Juan Bosch que lleva ese nombre y nos revela en forma sencilla hasta donde ha estado enraizada la cultura patriarcal-machista en nuestra sociedad.<\/p>\n<\/p>\n<p>\u00abJos\u00e9 Veras ?nos relata el Profesor- estaba sentado en la puerta del boh\u00edo. Acababa de secar la saliva con el roce de su ancho pi\u00e9\u00bb.<\/p>\n<\/p>\n<p>-Vea ?dijo-yo tengo nada m\u00e1s que cuatro cosas, manque sea pobrecito: Lucero, mi revolver, mi gallo y mi mujer. Ech\u00f3 el cuerpo sobre las piernas, se frot\u00f3 las manos y prosigui\u00f3:<\/p>\n<\/p>\n<p>-Y si me fueran a quitar lo m\u00edo, nada m\u00e1s quisiera que me dejaran a Lucero.<\/p>\n<\/p>\n<p>Filo Soto recost\u00f3 la silla en el marco de la puerta, tir\u00f3 el brazo hacia tras del asiento y murmur\u00f3:<\/p>\n<\/p>\n<p>-Hasta yo, si fuera m\u00edo&#8230;<\/p>\n<\/p>\n<p>(Cuentos Selectos, Lucero, pags. 17 y 18.- Colecci\u00f3n Bosch para todos)<\/p>\n<\/p>\n<p>Este breve dialogo campesino, en el que el precio del caballo es mayor que el de la mujer, saca a la superficie el coraz\u00f3n de la causa de los feminicidios y dem\u00e1s modalidades de violencia, opresi\u00f3n y exclusi\u00f3n ejercidas sin tregua contra la mujer a lo largo de nuestra historia y en el presente dominicano.<\/p>\n<\/p>\n<p>Devela la m\u00e9dula de una familia y una sociedad en la que el adulto macho predomina abrazado a la explotaci\u00f3n y sobre-explotaci\u00f3n capitalista.<\/p>\n<\/p>\n<p>\u00b7         Traducci\u00f3n al presente pol\u00edtico-electoral.<\/p>\n<\/p>\n<p>Entonces, en este periodo de votaciones, y sobre todo de simulaciones, es v\u00e1lido preguntarse:<\/p>\n<\/p>\n<p>-\u00bfEn cu\u00e1les de los componentes de las candidaturas presidenciales y vicepresidenciales competitivas podr\u00eda detectarse un \u00abchincito\u00bb de cuestionamiento e impugnaci\u00f3n a esa nefasta vertiente de la cultura dominante?<\/p>\n<\/p>\n<p>Observemos los tres candidatos a la presidencia y las tres candidatas a la vicepresidencia de los tres principales partidos electoralistas:<\/p>\n<\/p>\n<p>\u00bfEn Gonzalo Castillo del  Partido de la Liberaci\u00f3n Dominicana-PLD?<\/p>\n<\/p>\n<p>\u00bfLeonel Fern\u00e1ndez de Fuerza del Pueblo-FP?<\/p>\n<\/p>\n<p>\u00bfLuis Abinader del Partido Revolucionario Moderno-PRM.?<\/p>\n<\/p>\n<p>\u00bfMargarita Cede\u00f1o-PLD?<\/p>\n<\/p>\n<p>\u00bfSergia Elena Seliman-FP?<\/p>\n<\/p>\n<p>\u00bfRaquel Pe\u00f1a-PRM?<\/p>\n<\/p>\n<p>Esas f\u00f3rmulas se parecen m\u00e1s bien a nuevos intentos de asaltos del Poder Ejecutivo a cargo del gran capital privado, el conservadurismo cat\u00f3lico, la partidocracia y sectores empresariales neoconservadores. Y no escapan a esas definiciones sus componentes femeninos, en nada feministas y en nada populares.<\/p>\n<\/p>\n<p>-Una Margarita de un PLD s\u00faper-machista y elitista, actual vice-presidenta y actual candidata.<\/p>\n<\/p>\n<p>-Una Sergia Elena-FP consustanciada al ultra-conservadurismo balaguerista y compa\u00f1era de boleta del ex-presidente Fern\u00e1ndez.<\/p>\n<\/p>\n<p>-Y una Raquel Pe\u00f1a-PRM extra\u00edda de la oligarqu\u00eda patriarcal capitalista santiaguera para colocarla en la f\u00f3rmula<\/p>\n<\/p>\n<p>Las tres acompa\u00f1adas o ligadas, ya al capital privado tradicional, ya a la partidocracia enriquecida al vapor, o a ambas penas a la vez.<\/p>\n<\/p>\n<p>Las tres bajo tutela de la instituci\u00f3n m\u00e1s machista de la historia universal: la Iglesia jer\u00e1rquica cat\u00f3lica, siempre adem\u00e1s al servicio de los ricos.<\/p>\n<\/p>\n<p>Dos de ellas muy conocidas y nunca situadas de frente al poder capitalista masculinizado.<\/p>\n<\/p>\n<p> Y la otra, reci\u00e9n descubierta en la pol\u00edtica, colocada de repente y en paraca\u00eddas en la f\u00f3rmula presidencial puntera (Abinader-PRM), en sus primeras presentaciones, ha destilado un banal aire empresarial-cat\u00f3lico-conservador.<\/p>\n<\/p>\n<p>En esas candidaturas al Poder Ejecutivo, pese a ser mixtas, es  imposible encontrar ideas y acciones inspiradas en el pensamiento del autor de Lucero.<\/p>\n<\/p>\n<p>Incluso resalta la ausencia de liberalismo hist\u00f3rico y de propuestas laicistas- hostosianas o feministas.<\/p>\n<\/p>\n<p>El neoliberalismo, de esencia neoconservadora, y el fundamentalismo religioso (real o simulado) se las tragaron, llev\u00e1ndose de paso para colmo el aborto terap\u00e9utico.<\/p>\n<\/p>\n<p>Prima el santanismo, el trujillismo, el balaguerismo (propios de gobiernos reaccionarios precedentes), el Opus Dei y el Dios Mercado.<\/p>\n<\/p>\n<p>Mientras, es patente que la simulaci\u00f3n es sist\u00e9mica en la pol\u00edtica dominante: la mujer adorna el machismo, el negro y el mulato se usan para disfrazar la supremac\u00eda blanca, el joven y la joven para enmascarar el poder de los adultos machos, y al obrero y a la trabajadora se les exaltan para promover la conciliaci\u00f3n de clase y la paz social bajo el yugo opresor y violento del capital. \/PORTAL. Z101digital.com\/<\/p>\n<\/p>\n<h6> 2020-03-18 20:53:16 <\/h6>\n<p><!--\n<link rel=\"stylesheet\" href=\"css\/bootstrap.min.css\">\n\n\n<ul class=\"pagination\">\n\t    \n\t\n\n<li >\n\t<a href='?page_no=263'>Previous<\/a>\n\t<\/li>\n\n\n       \n    \n\n<li><a href='?page_no=1'>1<\/a><\/li>\n\n\n\n<li><a href='?page_no=2'>2<\/a><\/li>\n\n\n\n<li><a>...<\/a><\/li>\n\n\n\n<li><a href='?page_no=262'>262<\/a><\/li>\n\n\n\n<li><a href='?page_no=263'>263<\/a><\/li>\n\n\n\n<li class='active'><a>264<\/a><\/li>\n\n\n\n<li><a href='?page_no=265'>265<\/a><\/li>\n\n\n\n<li><a href='?page_no=266'>266<\/a><\/li>\n\n\n\n<li><a>...<\/a><\/li>\n\n\n\n<li><a href='?page_no=13611'>13611<\/a><\/li>\n\n\n\n<li><a href='?page_no=13612'>13612<\/a><\/li>\n\n    \n\t\n\n<li >\n\t<a href='?page_no=265'>Next<\/a>\n\t<\/li>\n\n\n    \n\n<li><a href='?page_no=13612'>Last &rsaquo;&rsaquo;<\/a><\/li>\n\n<\/ul>\n\n\n--><br \/>\n<\/body><\/p>\n","protected":false},"excerpt":{"rendered":"<p>Diariodominicano.com BOSCH, LUCERO Y CANDIDATURAS MAYORES EN RD Por Narciso Isa Conde Lucero es el caballo de un cuento selecto de Juan Bosch que lleva ese nombre y nos revela en forma sencilla hasta donde ha estado enraizada la cultura patriarcal-machista en nuestra sociedad. \u00abJos\u00e9 Veras ?nos relata el Profesor- estaba sentado en la puerta [&hellip;]<\/p>\n","protected":false},"author":3,"featured_media":0,"comment_status":"open","ping_status":"open","sticky":false,"template":"","format":"standard","meta":{"footnotes":""},"categories":[16],"tags":[],"class_list":["post-39315","post","type-post","status-publish","format-standard","hentry","category-opiniones"],"_links":{"self":[{"href":"https:\/\/diariodominicano.com\/index.php?rest_route=\/wp\/v2\/posts\/39315","targetHints":{"allow":["GET"]}}],"collection":[{"href":"https:\/\/diariodominicano.com\/index.php?rest_route=\/wp\/v2\/posts"}],"about":[{"href":"https:\/\/diariodominicano.com\/index.php?rest_route=\/wp\/v2\/types\/post"}],"author":[{"embeddable":true,"href":"https:\/\/diariodominicano.com\/index.php?rest_route=\/wp\/v2\/users\/3"}],"replies":[{"embeddable":true,"href":"https:\/\/diariodominicano.com\/index.php?rest_route=%2Fwp%2Fv2%2Fcomments&post=39315"}],"version-history":[{"count":0,"href":"https:\/\/diariodominicano.com\/index.php?rest_route=\/wp\/v2\/posts\/39315\/revisions"}],"wp:attachment":[{"href":"https:\/\/diariodominicano.com\/index.php?rest_route=%2Fwp%2Fv2%2Fmedia&parent=39315"}],"wp:term":[{"taxonomy":"category","embeddable":true,"href":"https:\/\/diariodominicano.com\/index.php?rest_route=%2Fwp%2Fv2%2Fcategories&post=39315"},{"taxonomy":"post_tag","embeddable":true,"href":"https:\/\/diariodominicano.com\/index.php?rest_route=%2Fwp%2Fv2%2Ftags&post=39315"}],"curies":[{"name":"wp","href":"https:\/\/api.w.org\/{rel}","templated":true}]}}