{"id":39304,"date":"2020-03-21T10:12:23","date_gmt":"2020-03-21T10:12:23","guid":{"rendered":"http:\/\/diariodominicano.ddns.net\/?p=39304"},"modified":"2020-03-21T10:12:23","modified_gmt":"2020-03-21T10:12:23","slug":"para-esta-guerra-no-estabamos-preparados","status":"publish","type":"post","link":"https:\/\/diariodominicano.com\/?p=39304","title":{"rendered":"&#13;PARA ESTA GUERRA NO EST\u00c1BAMOS PREPARADOS"},"content":{"rendered":"<p><body><\/p>\n<p>No est\u00e1bamos preparados<\/p>\n<\/p>\n<p>PARA ESTA GUERRA NO EST\u00c1BAMOS PREPARADOS<\/p>\n<\/p>\n<p>Sin pesimismos, parecer\u00eda que nos encaminamos a un holocausto autoinfligido.<\/p>\n<\/p>\n<p>Como dice Ana Fuentes, en un art\u00edculo escrito en El Pa\u00eds: Cuando la guerra te toca&#8230;<\/p>\n<\/p>\n<p>Cierto, para esta guerra no est\u00e1bamos preparados.<\/p>\n<\/p>\n<p>Cu\u00e1ntas ser\u00e1n las bajas, no lo sabemos. No sabemos tampoco si seremos una de ellas o nos tocar\u00e1 con alguien cercano&#8230;No vivimos la segunda guerra mundial, y la mayor\u00eda de nosotros ni siquiera la llamada Guerra de Abril. Adem\u00e1s, el enemigo en este caso es especial: diminuto, escurridizo, duro de matar&#8230; y para matarlo tenemos que negarnos a nosotros mismos: tenemos que negar el abrazo o el beso, la sociabilidad, el trabajo cotidiano&#8230;<\/p>\n<\/p>\n<p>Tampoco est\u00e1bamos preparados porque no creemos en nuestras instituciones y estamos ahora obligados a creer, a darle un voto de confianza.<\/p>\n<\/p>\n<p>No est\u00e1bamos preparados porque m\u00e1s del 50% de nuestra fuerza laboral es informal. Las calles est\u00e1n vac\u00edas y esta gente se ganaba el pan en las calles.<\/p>\n<\/p>\n<p>No est\u00e1bamos preparados porque tomamos medidas, como el toque de queda, para evitar la socializaci\u00f3n, el contacto, la cercan\u00eda, y hacinamos a los detenidos en peque\u00f1as celdas. Uno solo que haya contagiado los contagiar\u00e1 a todos, y a las seis de las ma\u00f1anas ir\u00e1n a sus casas, a sus varios, a contagiar a todos los dem\u00e1s&#8230;<\/p>\n<\/p>\n<p>No est\u00e1bamos preparados porque queremos que las empresas cierren, que eviten que sus obreros enfermen, pero simult\u00e1neamente queremos garantizar el empleo y que suministren al mercado lo que necesitamos para sobrevivir, y eso no es posible sin mano de obra, eso no es posible sin transporte a los lugares de trabajo.<\/p>\n<\/p>\n<p>No est\u00e1bamos preparados porque conocemos de la hipercomunicaci\u00f3n, pero no conoc\u00edamos de la hipercomunicaci\u00f3n en tiempos de crisis, donde las informaciones y desinformaciones conducen al p\u00e1nico.<\/p>\n<\/p>\n<p>No est\u00e1bamos preparados porque nos convertimos en una sociedad que le aterroriza la idea de la muerte, como si esa no fuera una compa\u00f1era que camina a nuestro lado, inevitable, a quien mejor comenzamos a aceptar que a horrorizarnos.<\/p>\n<\/p>\n<p>No est\u00e1bamos preparados porque nos alejamos de Dios y entonces toda referencia a la vida se centra en nosotros mismos, finitos. No aceptamos el duelo y mucho menos el duelo colectivo, viviendo en una permanente etapa de negaci\u00f3n.<\/p>\n<\/p>\n<p>Y lo peor, no podremos estar preparados. Y, sin pesimismos, parecer\u00eda que nos encaminamos a un holocausto autoinfligido.<\/p>\n<\/p>\n<p>Publicado por Milton Tejada C. en 5:16 a. m. <\/p>\n<h6> 2020-03-21 10:12:23 <\/h6>\n<p><!--\n<link rel=\"stylesheet\" href=\"css\/bootstrap.min.css\">\n\n\n<ul class=\"pagination\">\n\t    \n\t\n\n<li >\n\t<a href='?page_no=262'>Previous<\/a>\n\t<\/li>\n\n\n       \n    \n\n<li><a href='?page_no=1'>1<\/a><\/li>\n\n\n\n<li><a href='?page_no=2'>2<\/a><\/li>\n\n\n\n<li><a>...<\/a><\/li>\n\n\n\n<li><a href='?page_no=261'>261<\/a><\/li>\n\n\n\n<li><a href='?page_no=262'>262<\/a><\/li>\n\n\n\n<li class='active'><a>263<\/a><\/li>\n\n\n\n<li><a href='?page_no=264'>264<\/a><\/li>\n\n\n\n<li><a href='?page_no=265'>265<\/a><\/li>\n\n\n\n<li><a>...<\/a><\/li>\n\n\n\n<li><a href='?page_no=13611'>13611<\/a><\/li>\n\n\n\n<li><a href='?page_no=13612'>13612<\/a><\/li>\n\n    \n\t\n\n<li >\n\t<a href='?page_no=264'>Next<\/a>\n\t<\/li>\n\n\n    \n\n<li><a href='?page_no=13612'>Last &rsaquo;&rsaquo;<\/a><\/li>\n\n<\/ul>\n\n\n--><br \/>\n<\/body><\/p>\n","protected":false},"excerpt":{"rendered":"<p>No est\u00e1bamos preparados PARA ESTA GUERRA NO EST\u00c1BAMOS PREPARADOS Sin pesimismos, parecer\u00eda que nos encaminamos a un holocausto autoinfligido. Como dice Ana Fuentes, en un art\u00edculo escrito en El Pa\u00eds: Cuando la guerra te toca&#8230; Cierto, para esta guerra no est\u00e1bamos preparados. Cu\u00e1ntas ser\u00e1n las bajas, no lo sabemos. No sabemos tampoco si seremos una [&hellip;]<\/p>\n","protected":false},"author":3,"featured_media":0,"comment_status":"open","ping_status":"open","sticky":false,"template":"","format":"standard","meta":{"footnotes":""},"categories":[16],"tags":[],"class_list":["post-39304","post","type-post","status-publish","format-standard","hentry","category-opiniones"],"_links":{"self":[{"href":"https:\/\/diariodominicano.com\/index.php?rest_route=\/wp\/v2\/posts\/39304","targetHints":{"allow":["GET"]}}],"collection":[{"href":"https:\/\/diariodominicano.com\/index.php?rest_route=\/wp\/v2\/posts"}],"about":[{"href":"https:\/\/diariodominicano.com\/index.php?rest_route=\/wp\/v2\/types\/post"}],"author":[{"embeddable":true,"href":"https:\/\/diariodominicano.com\/index.php?rest_route=\/wp\/v2\/users\/3"}],"replies":[{"embeddable":true,"href":"https:\/\/diariodominicano.com\/index.php?rest_route=%2Fwp%2Fv2%2Fcomments&post=39304"}],"version-history":[{"count":0,"href":"https:\/\/diariodominicano.com\/index.php?rest_route=\/wp\/v2\/posts\/39304\/revisions"}],"wp:attachment":[{"href":"https:\/\/diariodominicano.com\/index.php?rest_route=%2Fwp%2Fv2%2Fmedia&parent=39304"}],"wp:term":[{"taxonomy":"category","embeddable":true,"href":"https:\/\/diariodominicano.com\/index.php?rest_route=%2Fwp%2Fv2%2Fcategories&post=39304"},{"taxonomy":"post_tag","embeddable":true,"href":"https:\/\/diariodominicano.com\/index.php?rest_route=%2Fwp%2Fv2%2Ftags&post=39304"}],"curies":[{"name":"wp","href":"https:\/\/api.w.org\/{rel}","templated":true}]}}