{"id":392779,"date":"2022-10-27T00:39:22","date_gmt":"2022-10-27T04:39:22","guid":{"rendered":"http:\/\/diariodominicano.com\/?p=392779"},"modified":"2022-10-27T00:41:04","modified_gmt":"2022-10-27T04:41:04","slug":"el-ejercito-de-haiti-es-vencido-por-el-ejercito-dominicano-en-la-batalla-de-beller","status":"publish","type":"post","link":"https:\/\/diariodominicano.com\/?p=392779","title":{"rendered":"El Ej\u00e9rcito de Hait\u00ed es vencido por el Ej\u00e9rcito Dominicano en la Batalla de Beller"},"content":{"rendered":"\n<p> Los dominicanos fueron comandados en la Batalla de Beller, por el General Francisco Antonio\u00a0 -Pepillo- Salcedo. <\/p>\n\n\n\n<p>Por H\u00e9ctor Tineo Nolasco<\/p>\n\n\n\n<p>Diariodominicano.com<\/p>\n\n\n\n<p>BELLER, el 27 de octubre de 1845, tropas del Ej\u00e9rcito de la Rep\u00fablica Dominicana vencieron a las fuerzas militares invasoras del Ej\u00e9rcito de Hait\u00ed, en la batalla de Beller.<\/p>\n\n\n\n<p>&nbsp;&nbsp;&nbsp; Entre las bajas que sufrieron los haitianos figura la muerte del general Seraphim, quien comandaba a las tropas invasoras.<\/p>\n\n\n\n<p>&nbsp;&nbsp;&nbsp; Los dominicanos fueron comandados en la Batalla de Beller, por el General Francisco Antonio&nbsp; -Pepillo- Salcedo.<\/p>\n\n\n\n<p>\u00a0\u00a0\u00a0 <strong>Tras ser derrotados en la batalla de Beller, huyeron de Dajab\u00f3n los generales haitianos Danis, Hilaire y Mitil.<\/strong><\/p>\n\n\n\n<p>&nbsp;&nbsp; El mismo d\u00eda 27 de octubre de 1845, la flotilla del general Juan Bautista Cambiaso atac\u00f3 a Mari-Bar\u00fa.<\/p>\n\n\n\n<p>&nbsp;&nbsp;&nbsp; El d\u00eda anterior, el 26 de octubre de 1845, el general Francisco Antonio \u2013Pepillo- Salcedo&nbsp; traslad\u00f3 su cuartel de Escalante a Macab\u00f3n.<\/p>\n\n\n\n<p>&nbsp;&nbsp;&nbsp;&nbsp; Pepillo Salcedo fue uno de los militares que m\u00e1s se distingui\u00f3 en la lucha contra las tropas militares de Hait\u00ed, que invad\u00edan con frecuencia el territorio de la Rep\u00fablica Dominicana.<\/p>\n\n\n\n<p>&nbsp;&nbsp;&nbsp; La Rep\u00fablica Dominicana fue proclamada el 27 de febrero de 1844, pero el Gobierno de Hait\u00ed durante los primeros 12 a\u00f1os mantuvo una pol\u00edtica de agresiones contra el territorio dominicano.<\/p>\n\n\n\n<figure class=\"wp-block-image size-large\"><img loading=\"lazy\" decoding=\"async\" width=\"1024\" height=\"526\" src=\"https:\/\/diariodominicano.com\/wp-content\/uploads\/2021\/09\/Jean-Louis-Pierrot-1-1024x526.jpg\" alt=\"\" class=\"wp-image-299024\" srcset=\"https:\/\/diariodominicano.com\/wp-content\/uploads\/2021\/09\/Jean-Louis-Pierrot-1-1024x526.jpg 1024w, https:\/\/diariodominicano.com\/wp-content\/uploads\/2021\/09\/Jean-Louis-Pierrot-1-300x154.jpg 300w, https:\/\/diariodominicano.com\/wp-content\/uploads\/2021\/09\/Jean-Louis-Pierrot-1-768x395.jpg 768w, https:\/\/diariodominicano.com\/wp-content\/uploads\/2021\/09\/Jean-Louis-Pierrot-1-1536x789.jpg 1536w, https:\/\/diariodominicano.com\/wp-content\/uploads\/2021\/09\/Jean-Louis-Pierrot-1-2048x1052.jpg 2048w, https:\/\/diariodominicano.com\/wp-content\/uploads\/2021\/09\/Jean-Louis-Pierrot-1-816x419.jpg 816w\" sizes=\"auto, (max-width: 1024px) 100vw, 1024px\" \/><figcaption>El presidente Pierrot<\/figcaption><\/figure>\n\n\n\n<p>&nbsp;&nbsp;&nbsp;&nbsp; El 27 de septiembre de 1845, el Presidente Pierrot, emiti\u00f3 un decreto en el que calific\u00f3 a los dominicanos como los insurgentes del Este y declar\u00f3 prohibida toda clase de relaciones con la Rep\u00fablica Dominicana.<\/p>\n\n\n\n<p>&nbsp;&nbsp;&nbsp;&nbsp; Pierrot sosten\u00eda el criterio de que la isla de Santo Domingo es Hait\u00ed, una e indivisible, por lo que se resist\u00eda a aceptar la existencia del Estado dominicano.<\/p>\n\n\n\n<p>&nbsp;&nbsp;&nbsp;&nbsp; El 30 de marzo de 1844, el&nbsp; general Pierrot fue derrotado por los dominicanos en la Batalla de Santiago. En los combates el Ej\u00e9rcito dominicano mat\u00f3 a 700 militares de Hait\u00ed.<\/p>\n\n\n\n<p>&nbsp;&nbsp;&nbsp;&nbsp; El 17 de septiembre de 1845, tropas dominicanas comandadas por el general Jos\u00e9 Joaqu\u00edn Puello, vencieron a los haitianos en la batalla de La Estrelleta.<\/p>\n\n\n\n<p>&nbsp;&nbsp;&nbsp; Las fuerzas del Ej\u00e9rcito Haitiano fueron comandadas por los generales Morisette, Toussaint y Samed\u00ed.<\/p>\n\n\n\n<p>&nbsp;&nbsp;&nbsp;&nbsp; El informe del Ej\u00e9rcito dominicano precisa que la batalla de La Estrelleta signific\u00f3 la acci\u00f3n m\u00e1s militarista de la campa\u00f1a, porque ella fue marcada para dar un golpe contundente a punto de bayoneta y ataque de caballer\u00eda.<\/p>\n","protected":false},"excerpt":{"rendered":"<p>Los dominicanos fueron comandados en la Batalla de Beller, por el General Francisco Antonio\u00a0 -Pepillo- Salcedo. Por H\u00e9ctor Tineo Nolasco Diariodominicano.com BELLER, el 27 de octubre de 1845, tropas del Ej\u00e9rcito de la Rep\u00fablica Dominicana vencieron a las fuerzas militares invasoras del Ej\u00e9rcito de Hait\u00ed, en la batalla de Beller. &nbsp;&nbsp;&nbsp; Entre las bajas que [&hellip;]<\/p>\n","protected":false},"author":28,"featured_media":294632,"comment_status":"closed","ping_status":"","sticky":true,"template":"","format":"standard","meta":{"footnotes":""},"categories":[36,26,27],"tags":[],"class_list":["post-392779","post","type-post","status-publish","format-standard","has-post-thumbnail","hentry","category-hombresmujeresycosas","category-efemerides","category-portada"],"_links":{"self":[{"href":"https:\/\/diariodominicano.com\/index.php?rest_route=\/wp\/v2\/posts\/392779","targetHints":{"allow":["GET"]}}],"collection":[{"href":"https:\/\/diariodominicano.com\/index.php?rest_route=\/wp\/v2\/posts"}],"about":[{"href":"https:\/\/diariodominicano.com\/index.php?rest_route=\/wp\/v2\/types\/post"}],"author":[{"embeddable":true,"href":"https:\/\/diariodominicano.com\/index.php?rest_route=\/wp\/v2\/users\/28"}],"replies":[{"embeddable":true,"href":"https:\/\/diariodominicano.com\/index.php?rest_route=%2Fwp%2Fv2%2Fcomments&post=392779"}],"version-history":[{"count":3,"href":"https:\/\/diariodominicano.com\/index.php?rest_route=\/wp\/v2\/posts\/392779\/revisions"}],"predecessor-version":[{"id":392782,"href":"https:\/\/diariodominicano.com\/index.php?rest_route=\/wp\/v2\/posts\/392779\/revisions\/392782"}],"wp:featuredmedia":[{"embeddable":true,"href":"https:\/\/diariodominicano.com\/index.php?rest_route=\/wp\/v2\/media\/294632"}],"wp:attachment":[{"href":"https:\/\/diariodominicano.com\/index.php?rest_route=%2Fwp%2Fv2%2Fmedia&parent=392779"}],"wp:term":[{"taxonomy":"category","embeddable":true,"href":"https:\/\/diariodominicano.com\/index.php?rest_route=%2Fwp%2Fv2%2Fcategories&post=392779"},{"taxonomy":"post_tag","embeddable":true,"href":"https:\/\/diariodominicano.com\/index.php?rest_route=%2Fwp%2Fv2%2Ftags&post=392779"}],"curies":[{"name":"wp","href":"https:\/\/api.w.org\/{rel}","templated":true}]}}