{"id":39270,"date":"2020-10-30T19:22:45","date_gmt":"2020-10-30T19:22:45","guid":{"rendered":"http:\/\/diariodominicano.ddns.net\/?p=39270"},"modified":"2020-10-30T19:22:45","modified_gmt":"2020-10-30T19:22:45","slug":"bolivia-y-chile-la-ola-transformadora-se-reactiva-en-nuestra-america","status":"publish","type":"post","link":"https:\/\/diariodominicano.com\/?p=39270","title":{"rendered":"BOLIVIA Y CHILE: LA OLA TRANSFORMADORA SE REACTIVA EN NUESTRA AM\u00c9RICA"},"content":{"rendered":"<p><body><\/p>\n<p>BOLIVIA Y CHILE: LA OLA TRANSFORMADORA SE REACTIVA EN NUESTRA AM\u00c9RICA<\/p>\n<\/p>\n<p><strong>                          Por Narciso Isa Conde<\/strong><\/p>\n<\/p>\n<p>\u00abNo hay dudas de que en forma creciente nuestros pueblos no quieren vivir bajo la recolonizaci\u00f3n neoliberal ni tutelados por partidocracias conservadoras, cual sea su intensidad opresiva; menos a\u00fan cuando la \u00abvuelta al pasado\u00bb es peor que un  simple retroceso.\u00bb<\/p>\n<\/p>\n<\/p>\n<p>El ciclo de rebeld\u00edas populares que inici\u00f3 la revoluci\u00f3n cubana no se ha cerrado.<\/p>\n<\/p>\n<p>La cuarta oleada transformadora que inauguraron el levantamiento zapatista  en M\u00e9xico y la insurgencia chavista en Venezuela, se ha reactivado luego de una cadena de reveses a escala latino-caribe\u00f1a, producto de la contraofensiva imperialista.<\/p>\n<\/p>\n<p>El imperialismo estadounidense no ha podido consolidar los resultados de su contraataque feroz a nivel regional. De nuevo comienza a perder terreno<\/p>\n<\/p>\n<p>Pudo desplazar temporalmente del poder estatal no pocos procesos de autodeterminaci\u00f3n y reformas anti-neoliberales, pero sin lograr vencer la resistencia popular a sus designios y sin poder imponer una gobernabilidad  colonizadora estable.<\/p>\n<\/p>\n<p>Las diversas modalidades de golpes contra-reformas y contra-revolucionarios, sus variadas f\u00f3rmulas de retrocesos agravados -todas cargadas de un neoliberalismo m\u00e1s duro, una recolonizaci\u00f3n m\u00e1s dr\u00e1stica y una alianza p\u00fablico-privada de corte fascistoide y mafioso- han enfrentado altos niveles de impugnaci\u00f3n popular; y; en varios casos, han revertido, o est\u00e1n a punto de revertir, la reciente imposiciones imperiales ( M\u00e9xico, Argentina, Bolivia y Chile); en otros, la pelea sigue y las protestas se radicalizan  en forma recurrente (Honduras, Hait\u00ed, Paraguay, Brasil, Ecuador, Colombia&#8230;)<\/p>\n<\/p>\n<p>El agresivo acoso contra Venezuela bolivariana y Cuba revolucionaria ha devenido en reiterados fracasos.<\/p>\n<\/p>\n<p>Ahora la formidable combinaci\u00f3n de avalanchas populares callejeras y \u00abpelas\u00bb electorales en Bolivia y en Chile, apuntan hacia un nuevo auge dentro de un largo ciclo de rebeld\u00edas populares y hacia una reactivaci\u00f3n de su m\u00e1s reciente oleada por la nueva independencia y modelos econ\u00f3micos sociales con justicia social.<\/p>\n<p><strong>\u00b7         LA IMPOSICI\u00d3N DE UN NEOLIBERALISMO PEOR, Y UNA RECOLONIZACI\u00d3N M\u00c1S DR\u00c1STICA, AGRAVAN LA CONFRONTACI\u00d3N.<\/strong><\/p>\n<\/p>\n<p>El capitalismo imperialista occidental y sus expresiones locales-dependientes no cuentan con f\u00f3rmulas ajenas a un neoliberalismo altamente desacreditado, repudiado e impregnado del reforzamiento de un \u00abDestino Manifiesto\u00bb, que choca frontalmente con las ansias de autodeterminaci\u00f3n de nuestros pueblos.<\/p>\n<\/p>\n<p>Pero resulta que a m\u00e1s neoliberalismo, a m\u00e1s conservadurismo (clasista, patriarcal, racista y ecocida&#8230;), y a m\u00e1s recolonizaci\u00f3n, mayor es la tendencia a la ingobernabilidad de los resultados de su rapaz contra-ofensiva y mayor la profundidad de su crisis de decadencia.<\/p>\n<\/p>\n<p>Esto ha sido as\u00ed -incluso en plazos relativamente cortos- en casos donde los errores, las inconsistencias pol\u00edticas y las fallas \u00e9tico-morales de los llamados modelos post-neoliberales y\/o progresistas, les facilitaron a EEUU, a las derechas y ultraderechas continentales, retrocesos temporales que no tardaron en recrear la indignaci\u00f3n popular; tal y como aconteci\u00f3 en Argentina y como acontece ahora en Bolivia y podr\u00eda producirse en Brasil, Honduras, Paraguay y Ecuador, entre otros casos no necesariamente id\u00e9nticos.<\/p>\n<\/p>\n<p>No hay dudas de que en forma creciente nuestros pueblos no quieren vivir bajo la recolonizaci\u00f3n neoliberal ni tutelados por partidocracias conservadoras, cual sea su intensidad opresiva; menos a\u00fan cuando la \u00abvuelta al pasado\u00bb es peor que un  simple retroceso.<\/p>\n<\/p>\n<p>Es un nivel superior de capitalismo mafioso, de coloniaje, de privatizaci\u00f3n y saqueo de patrimonio p\u00fablico y recursos naturales; a base de mayor represi\u00f3n con alta dosis neofascista.<\/p>\n<\/p>\n<p>Es un conjunto de vieja y nuevas pr\u00e1cticas de corrupci\u00f3n impune, asociaciones delictivas p\u00fablico-privadas que anulan lo que resta de rol social y nacional del Estado, miner\u00eda destructiva; privatizaci\u00f3n del agua, del suelo y del subsuelo; mayor crisis ambiental, alta dosis de racismo, homofobia, xenofobia, violencia de g\u00e9nero y manipulaci\u00f3n de las pandemias (ahora de la COVID 19) como una especie de ajuste global empobrecedor de pueblos. Todo esto no pocas veces acompa\u00f1ado de una religiosidad fundamentalista inducida desde las jerarqu\u00edas eclesiales conservadoras y los \u00f3rganos de inteligencia estadounidense.<\/p>\n<p><strong>\u00b7          EL SIGNIFICADO DE LAS CONTRAPARTIDAS POPULARES EN CHILE Y BOLIVIA.<\/strong><\/p>\n<\/p>\n<p>En Chile la respuesta popular tiene caracter\u00edsticas de \u00abajuste de cuentas\u00bb con la larga oscuridad pinochetista-neoliberal, recientemente recrudecida en su vertiente socioecon\u00f3mica y cultural por la ultraderecha conservadora; valioso \u00abajuste de cuentas\u00bb desde la indignaci\u00f3n popular-nacional acumulada, que apunta hacia una gran transformaci\u00f3n constitucional bajo vigilancia y presi\u00f3n extra-institucional del pueblo trabajador y sus diversos movimientos sociales, persistentemente insumisos y movilizados.<\/p>\n<\/p>\n<p>En Bolivia asume la condici\u00f3n de un contundente contragolpe de los pueblos originarios  y la sociedad excluida y maltratada, que defendieron con garras anti-imperialistas, en calles, campos y urnas&#8230; lo heroicamente conquistado.<\/p>\n<\/p>\n<p>En ambos casos, cada uno con sus particularidades y distancias, est\u00e1n pendientes grandes y diferenciadas transformaciones institucionales y estructurales,  cambios profundos en la formaci\u00f3n econ\u00f3mico-social, en el sistema pol\u00edtico y el poder militar. Pero todo eso est\u00e1 en las calles, gest\u00e1ndose un poder popular paralelo, con capacidad de presionar e influir sobre la representaci\u00f3n institucional surgida en las votaciones. Importantes aportes al acervo de la creatividad popular latino-caribe\u00f1a, en gestaci\u00f3n tambi\u00e9n en otros pa\u00edses de la regi\u00f3n.<\/p>\n<\/p>\n<p>Es evidente que la radicalidad  antiimperialista del pueblo boliviano est\u00e1 por encima de los productos institucionales de estos comicios en cuanto a las tonalidades del nuevo gobierno y a la representaci\u00f3n  partidista en los organismos del Estado; lo que indudablemente tiene que ver con las caracter\u00edsticas de las fuerzas pol\u00edticas m\u00e1s influyentes en la competencia electoral propiamente dicha.<\/p>\n<\/p>\n<p>En Chile est\u00e1 pendiente ese tema en  cuanto a la representaci\u00f3n y correlaci\u00f3n de fuerzas en las pr\u00f3ximas elecciones a la Convenci\u00f3n Constituyente, como tambi\u00e9n respecto a los contenidos de la nueva Constituci\u00f3n. Pero de todas maneras la fuerzas populares desatadas en las rebeliones recientes y la capacidad demostrada para influir ejerciendo democracia de calle, es una se\u00f1al esperanzadora; aun con los d\u00e9ficits que presenta frente a la capacidad militar y al despliegue de violencia a cargo de las derechas y EEUU.<\/p>\n<\/p>\n<p>En ambos casos -y en muchos m\u00e1s- sigue presente el reto de la conformaci\u00f3n de las nuevas vanguardias antiimperialistas y anticapitalistas con capacidad de acci\u00f3n integral; esto es, avances pendientes en factores de conducci\u00f3n, articulaci\u00f3n y creaci\u00f3n de conciencia pol\u00edtica alternativa en los movimientos sociales en lucha y en todas las fuerzas potencialmente transformadoras, garant\u00eda del salto de lo puramente reformista o reformador a lo consistentemente socialista-revolucionario, que incluye lo pol\u00edtico-militar.<\/p>\n<\/p>\n<p>Mientras, lo acontecido recientemente, rebasa las fronteras de esos pa\u00edses hermanos, porque adem\u00e1s de estimular otros procesos de resistencia e indignaci\u00f3n popular, revela que en Nuestra Am\u00e9rica est\u00e1 nuevamente en tren de convertir en realidad el ideal bolivariano y guevarista de forjar una Patria Grande Liberada del Norte Revuelto y Brutal y su \u00abDestino Manifiesto\u00bb bajo el ominoso lema de \u00abAm\u00e9rica para los gringos\u00bb. (28-10-2020, Santo Domingo RD)<\/p>\n<\/p>\n<\/p>\n<\/p>\n<\/p>\n<h6> 2020-10-30 19:22:45 <\/h6>\n<p><!--\n<link rel=\"stylesheet\" href=\"css\/bootstrap.min.css\">\n\n\n<ul class=\"pagination\">\n\t    \n\t\n\n<li >\n\t<a href='?page_no=25'>Previous<\/a>\n\t<\/li>\n\n\n       \n    \n\n<li><a href='?page_no=1'>1<\/a><\/li>\n\n\n\n<li><a href='?page_no=2'>2<\/a><\/li>\n\n\n\n<li><a>...<\/a><\/li>\n\n\n\n<li><a href='?page_no=24'>24<\/a><\/li>\n\n\n\n<li><a href='?page_no=25'>25<\/a><\/li>\n\n\n\n<li class='active'><a>26<\/a><\/li>\n\n\n\n<li><a href='?page_no=27'>27<\/a><\/li>\n\n\n\n<li><a href='?page_no=28'>28<\/a><\/li>\n\n\n\n<li><a>...<\/a><\/li>\n\n\n\n<li><a href='?page_no=13611'>13611<\/a><\/li>\n\n\n\n<li><a href='?page_no=13612'>13612<\/a><\/li>\n\n    \n\t\n\n<li >\n\t<a href='?page_no=27'>Next<\/a>\n\t<\/li>\n\n\n    \n\n<li><a href='?page_no=13612'>Last &rsaquo;&rsaquo;<\/a><\/li>\n\n<\/ul>\n\n\n--><br \/>\n<\/body><\/p>\n","protected":false},"excerpt":{"rendered":"<p>BOLIVIA Y CHILE: LA OLA TRANSFORMADORA SE REACTIVA EN NUESTRA AM\u00c9RICA Por Narciso Isa Conde \u00abNo hay dudas de que en forma creciente nuestros pueblos no quieren vivir bajo la recolonizaci\u00f3n neoliberal ni tutelados por partidocracias conservadoras, cual sea su intensidad opresiva; menos a\u00fan cuando la \u00abvuelta al pasado\u00bb es peor que un simple retroceso.\u00bb [&hellip;]<\/p>\n","protected":false},"author":3,"featured_media":0,"comment_status":"open","ping_status":"open","sticky":false,"template":"","format":"standard","meta":{"footnotes":""},"categories":[16],"tags":[],"class_list":["post-39270","post","type-post","status-publish","format-standard","hentry","category-opiniones"],"_links":{"self":[{"href":"https:\/\/diariodominicano.com\/index.php?rest_route=\/wp\/v2\/posts\/39270","targetHints":{"allow":["GET"]}}],"collection":[{"href":"https:\/\/diariodominicano.com\/index.php?rest_route=\/wp\/v2\/posts"}],"about":[{"href":"https:\/\/diariodominicano.com\/index.php?rest_route=\/wp\/v2\/types\/post"}],"author":[{"embeddable":true,"href":"https:\/\/diariodominicano.com\/index.php?rest_route=\/wp\/v2\/users\/3"}],"replies":[{"embeddable":true,"href":"https:\/\/diariodominicano.com\/index.php?rest_route=%2Fwp%2Fv2%2Fcomments&post=39270"}],"version-history":[{"count":0,"href":"https:\/\/diariodominicano.com\/index.php?rest_route=\/wp\/v2\/posts\/39270\/revisions"}],"wp:attachment":[{"href":"https:\/\/diariodominicano.com\/index.php?rest_route=%2Fwp%2Fv2%2Fmedia&parent=39270"}],"wp:term":[{"taxonomy":"category","embeddable":true,"href":"https:\/\/diariodominicano.com\/index.php?rest_route=%2Fwp%2Fv2%2Fcategories&post=39270"},{"taxonomy":"post_tag","embeddable":true,"href":"https:\/\/diariodominicano.com\/index.php?rest_route=%2Fwp%2Fv2%2Ftags&post=39270"}],"curies":[{"name":"wp","href":"https:\/\/api.w.org\/{rel}","templated":true}]}}