{"id":392597,"date":"2022-10-26T12:45:16","date_gmt":"2022-10-26T16:45:16","guid":{"rendered":"http:\/\/diariodominicano.com\/?p=392597"},"modified":"2022-10-26T12:45:16","modified_gmt":"2022-10-26T16:45:16","slug":"fiscalia-de-santiago-obtiene-condena-contra-padrastro-que-abuso-sexualmente-de-una-menor-de-edad","status":"publish","type":"post","link":"https:\/\/diariodominicano.com\/?p=392597","title":{"rendered":"Fiscal\u00eda de Santiago obtiene condena contra padrastro que abus\u00f3 sexualmente de una menor de edad"},"content":{"rendered":"\n<p>diariodominicano.com<\/p>\n\n\n\n<p>Santiago, R. D.,  26 de octubre, 2022.- A solicitud del Ministerio P\u00fablico, los jueces del Tercer Tribunal Colegiado condenaron a 10 a\u00f1os de prisi\u00f3n a un hombre que abus\u00f3 sexual y psicol\u00f3gicamente a su hijastra en 2019, cuando la v\u00edctima ten\u00eda 9 a\u00f1os de edad.<\/p>\n\n\n\n<p>La sentencia contra el procesado fue impuesta por los jueces Jos\u00e9 Rafael de As\u00eds, presidente, y las magistradas Deyanira M\u00e9ndez y Stephanie Santiago.<\/p>\n\n\n\n<p>La litigante Luisa Garc\u00eda expuso y prob\u00f3 en audiencia que el imputado, con todas sus facultades mentales, cometi\u00f3 los delitos aprovechando la vulnerabilidad de la v\u00edctima cuando estaban solos en su residencia.<\/p>\n\n\n\n<p>El sentenciado, tras amedrentar y ejercer presi\u00f3n psicol\u00f3gica contra la menor de edad, la agredi\u00f3 sexualmente. La madre de la menor lo sorprendi\u00f3 en una ocasi\u00f3n, se abalanz\u00f3 contra el victimario para rescatar a su hija y llam\u00f3 al Sistema de Atenci\u00f3n a Emergencias y Seguridad 9-1-1.<\/p>\n\n\n\n<p>En la investigaci\u00f3n de los hechos, a cargo de la fiscal Niovy G\u00f3mez, el Ministerio P\u00fablico recolect\u00f3 evidencias que sustentaron la acusaci\u00f3n por violencia de g\u00e9nero, agresi\u00f3n sexual, incesto y abuso psicol\u00f3gico.<\/p>\n\n\n\n<p>Los delitos son sancionados en los art\u00edculos 309-1, 330, 332-1, 333 del C\u00f3digo Penal Dominicano y 396, literales B y C de la Ley 136-03 que crea el Sistema de Protecci\u00f3n y los Derechos Fundamentales de Ni\u00f1os, Ni\u00f1as y Adolescentes.<\/p>\n\n\n\n<p><strong>Direcci\u00f3n de Comunicaci\u00f3n y Prensa<\/strong><strong><\/strong><\/p>\n\n\n\n<p><strong>Procuradur\u00eda General-Ministerio P\u00fablico RD<\/strong><\/p>\n\n\n\n<p><strong>Mi\u00e9rcoles, 26 de octubre de 2022.<\/strong><\/p>\n\n\n\n<p><strong>Direcci\u00f3n General de Comunicaciones, Prensa y Relaciones P\u00fablicas<\/strong><\/p>\n\n\n\n<p>Procuradur\u00eda General de la Rep\u00fablica Dominicana<\/p>\n\n\n\n<figure class=\"wp-block-table\"><table><tbody><tr><td><strong>Comunicaciones Prensa PGR<\/strong><\/td><\/tr><\/tbody><\/table><\/figure>\n","protected":false},"excerpt":{"rendered":"<p>diariodominicano.com Santiago, R. D., 26 de octubre, 2022.- A solicitud del Ministerio P\u00fablico, los jueces del Tercer Tribunal Colegiado condenaron a 10 a\u00f1os de prisi\u00f3n a un hombre que abus\u00f3 sexual y psicol\u00f3gicamente a su hijastra en 2019, cuando la v\u00edctima ten\u00eda 9 a\u00f1os de edad. La sentencia contra el procesado fue impuesta por los [&hellip;]<\/p>\n","protected":false},"author":5,"featured_media":290218,"comment_status":"closed","ping_status":"","sticky":true,"template":"","format":"standard","meta":{"footnotes":""},"categories":[29,27],"tags":[],"class_list":["post-392597","post","type-post","status-publish","format-standard","has-post-thumbnail","hentry","category-policiasucesos","category-portada"],"_links":{"self":[{"href":"https:\/\/diariodominicano.com\/index.php?rest_route=\/wp\/v2\/posts\/392597","targetHints":{"allow":["GET"]}}],"collection":[{"href":"https:\/\/diariodominicano.com\/index.php?rest_route=\/wp\/v2\/posts"}],"about":[{"href":"https:\/\/diariodominicano.com\/index.php?rest_route=\/wp\/v2\/types\/post"}],"author":[{"embeddable":true,"href":"https:\/\/diariodominicano.com\/index.php?rest_route=\/wp\/v2\/users\/5"}],"replies":[{"embeddable":true,"href":"https:\/\/diariodominicano.com\/index.php?rest_route=%2Fwp%2Fv2%2Fcomments&post=392597"}],"version-history":[{"count":1,"href":"https:\/\/diariodominicano.com\/index.php?rest_route=\/wp\/v2\/posts\/392597\/revisions"}],"predecessor-version":[{"id":392598,"href":"https:\/\/diariodominicano.com\/index.php?rest_route=\/wp\/v2\/posts\/392597\/revisions\/392598"}],"wp:featuredmedia":[{"embeddable":true,"href":"https:\/\/diariodominicano.com\/index.php?rest_route=\/wp\/v2\/media\/290218"}],"wp:attachment":[{"href":"https:\/\/diariodominicano.com\/index.php?rest_route=%2Fwp%2Fv2%2Fmedia&parent=392597"}],"wp:term":[{"taxonomy":"category","embeddable":true,"href":"https:\/\/diariodominicano.com\/index.php?rest_route=%2Fwp%2Fv2%2Fcategories&post=392597"},{"taxonomy":"post_tag","embeddable":true,"href":"https:\/\/diariodominicano.com\/index.php?rest_route=%2Fwp%2Fv2%2Ftags&post=392597"}],"curies":[{"name":"wp","href":"https:\/\/api.w.org\/{rel}","templated":true}]}}