{"id":39259,"date":"2020-03-23T20:57:17","date_gmt":"2020-03-23T20:57:17","guid":{"rendered":"http:\/\/diariodominicano.ddns.net\/?p=39259"},"modified":"2020-03-23T20:57:17","modified_gmt":"2020-03-23T20:57:17","slug":"el-futuro-electoral","status":"publish","type":"post","link":"https:\/\/diariodominicano.com\/?p=39259","title":{"rendered":"&#13;El futuro electoral"},"content":{"rendered":"<p><body><\/p>\n<p><strong>A Pleno Sol<\/strong><\/p>\n<p><strong> <\/strong><\/p>\n<p><strong>El futuro electoral<\/strong><\/p>\n<p><strong> <\/strong><\/p>\n<p><strong>Por Manuel Hern\u00e1ndez Villeta<\/strong><\/p>\n<\/p>\n<\/p>\n<p>En mes y medio se celebraran las elecciones congresuales y presidenciales. El tiempo apremia y tiene plazos fatales. Ahora mismo el coronavirus se encuentra en su pico de crecimiento. Dos acontecimientos que van a cambiar la marcha de la actual historia dominicana.<\/p>\n<\/p>\n<p>Visto el panorama internacional, se torna dif\u00edcil que en el mundo en mes y medio se tenga la vacuna para parar el virus, y que comience una curva descendente que permita a las personas comenzar a retornar a su normalidad.<\/p>\n<\/p>\n<p>La Junta Central Electoral tiene un organigrama mediante el cual se debe llevar para preparar todo lo relativo a las elecciones. Ahora tiene de por medio que trabaja con personal reducido, y evita el contacto f\u00edsico hasta con los delegados y periodistas.<\/p>\n<\/p>\n<p>Los partidos pol\u00edticos han parado la campa\u00f1a electoral, mientras que las medidas de control y el toque de queda mantienen a las personas en sus casas. La mayor parte de las oficinas p\u00fablicas y privadas est\u00e1n cerradas.<\/p>\n<\/p>\n<p>La atenci\u00f3n general de los dominicanos est\u00e1 centrada ahora mismo en el coronavirus. Teme por un desabastecimiento de alimentos, que el virus siga indetenible, que hay pocas camas hospitalarias, que cuesta caro hacerse los ex\u00e1menes para ver si es positivo o negativo, mientras escasean el gel  con alcohol y las mascarillas.<\/p>\n<\/p>\n<p>Es necesario que de cara a la realidad dominicana de hoy se ponga sobre la mesa el tema de las elecciones. En mes y medio, no se puede jugar con una fecha signada por la Constituci\u00f3n de la Rep\u00fablica. Es responsabilidad del liderazgo pol\u00edtico hablar claro sobre este tema. Tiene que darse una reuni\u00f3n de los candidatos presidenciales y tomar decisiones.<\/p>\n<\/p>\n<p>La responsabilidad de mantener las elecciones  o suspenderla no es una individualidad  de la Junta Central Electoral ni del gobierno, es una obligaci\u00f3n  a ser compartida  con los candidatos presidenciales. Todos a una deben tomar la decisi\u00f3n.<\/p>\n<\/p>\n<p>Pero es ahora que se debe decidir: van las elecciones o se suspenden. Hay que dejar \u00f1o\u00f1er\u00edas a  un lado y sentarse los candidatos presidenciales y determinar el destino de los venideros comicios. \u00bfEs atinado celebrar las elecciones en medio de una pandemia?.<\/p>\n<\/p>\n<p>Lo que se determine de consenso, eso es lo que debe ir. Es una cuenta regresiva que no se puede evadir. La Constituci\u00f3n manda que d\u00eda se debe celebrar las elecciones, y en qu\u00e9 fecha se tiene que hacer el traspaso de mando.<\/p>\n<\/p>\n<p>No hay tiempo para plebiscito, ni para encuestas. Esta  soluci\u00f3n tiene que ser tomada por el liderazgo pol\u00edtico nacional, en este caso representado por los candidatos presidenciales. Estamos al doblar de la hora se\u00f1alada y no se puede jugar con la verdad. Consenso sobre el futuro de  las elecciones. \u00a1Ay!, se me acab\u00f3 la tinta.<\/p>\n<\/p>\n<\/p>\n<h6> 2020-03-23 20:57:17 <\/h6>\n<p><!--\n<link rel=\"stylesheet\" href=\"css\/bootstrap.min.css\">\n\n\n<ul class=\"pagination\">\n\t    \n\t\n\n<li >\n\t<a href='?page_no=258'>Previous<\/a>\n\t<\/li>\n\n\n       \n    \n\n<li><a href='?page_no=1'>1<\/a><\/li>\n\n\n\n<li><a href='?page_no=2'>2<\/a><\/li>\n\n\n\n<li><a>...<\/a><\/li>\n\n\n\n<li><a href='?page_no=257'>257<\/a><\/li>\n\n\n\n<li><a href='?page_no=258'>258<\/a><\/li>\n\n\n\n<li class='active'><a>259<\/a><\/li>\n\n\n\n<li><a href='?page_no=260'>260<\/a><\/li>\n\n\n\n<li><a href='?page_no=261'>261<\/a><\/li>\n\n\n\n<li><a>...<\/a><\/li>\n\n\n\n<li><a href='?page_no=13611'>13611<\/a><\/li>\n\n\n\n<li><a href='?page_no=13612'>13612<\/a><\/li>\n\n    \n\t\n\n<li >\n\t<a href='?page_no=260'>Next<\/a>\n\t<\/li>\n\n\n    \n\n<li><a href='?page_no=13612'>Last &rsaquo;&rsaquo;<\/a><\/li>\n\n<\/ul>\n\n\n--><br \/>\n<\/body><\/p>\n","protected":false},"excerpt":{"rendered":"<p>A Pleno Sol El futuro electoral Por Manuel Hern\u00e1ndez Villeta En mes y medio se celebraran las elecciones congresuales y presidenciales. El tiempo apremia y tiene plazos fatales. Ahora mismo el coronavirus se encuentra en su pico de crecimiento. Dos acontecimientos que van a cambiar la marcha de la actual historia dominicana. Visto el panorama [&hellip;]<\/p>\n","protected":false},"author":3,"featured_media":0,"comment_status":"open","ping_status":"open","sticky":false,"template":"","format":"standard","meta":{"footnotes":""},"categories":[16],"tags":[],"class_list":["post-39259","post","type-post","status-publish","format-standard","hentry","category-opiniones"],"_links":{"self":[{"href":"https:\/\/diariodominicano.com\/index.php?rest_route=\/wp\/v2\/posts\/39259","targetHints":{"allow":["GET"]}}],"collection":[{"href":"https:\/\/diariodominicano.com\/index.php?rest_route=\/wp\/v2\/posts"}],"about":[{"href":"https:\/\/diariodominicano.com\/index.php?rest_route=\/wp\/v2\/types\/post"}],"author":[{"embeddable":true,"href":"https:\/\/diariodominicano.com\/index.php?rest_route=\/wp\/v2\/users\/3"}],"replies":[{"embeddable":true,"href":"https:\/\/diariodominicano.com\/index.php?rest_route=%2Fwp%2Fv2%2Fcomments&post=39259"}],"version-history":[{"count":0,"href":"https:\/\/diariodominicano.com\/index.php?rest_route=\/wp\/v2\/posts\/39259\/revisions"}],"wp:attachment":[{"href":"https:\/\/diariodominicano.com\/index.php?rest_route=%2Fwp%2Fv2%2Fmedia&parent=39259"}],"wp:term":[{"taxonomy":"category","embeddable":true,"href":"https:\/\/diariodominicano.com\/index.php?rest_route=%2Fwp%2Fv2%2Fcategories&post=39259"},{"taxonomy":"post_tag","embeddable":true,"href":"https:\/\/diariodominicano.com\/index.php?rest_route=%2Fwp%2Fv2%2Ftags&post=39259"}],"curies":[{"name":"wp","href":"https:\/\/api.w.org\/{rel}","templated":true}]}}