{"id":392454,"date":"2022-10-25T22:51:57","date_gmt":"2022-10-26T02:51:57","guid":{"rendered":"http:\/\/diariodominicano.com\/?p=392454"},"modified":"2022-10-26T14:24:08","modified_gmt":"2022-10-26T18:24:08","slug":"ministerio-publico-de-sdo-obtiene-prision-preventiva-contra-hombre-que-intento-matar-a-su-pareja","status":"publish","type":"post","link":"https:\/\/diariodominicano.com\/?p=392454","title":{"rendered":"Ministerio P\u00fablico de SDO obtiene prisi\u00f3n preventiva contra hombre que intent\u00f3 matar a su pareja"},"content":{"rendered":"\n<p>SANTO DOMINGO (Rep\u00fablica Dominicana).- El Ministerio P\u00fablico de Santo Domingo Oeste logr\u00f3 que una jueza de la Oficina Judicial de Servicios de Atenci\u00f3n Permanente de esta demarcaci\u00f3n le impusiera tres meses de prisi\u00f3n preventiva a un hombre apresado en flagrante delito cuando intentaba ultimar a su pareja con varias pu\u00f1aladas.<\/p>\n\n\n\n<p>La jueza Cecilia Toribio dispuso que Anes Alcemes, de nacionalidad haitiana, cumpla la medida de coerci\u00f3n en el recinto penitenciario La Victoria.<\/p>\n\n\n\n<p>Durante el transcurso de la audiencia el Ministerio P\u00fablico mostr\u00f3 evidencias de que el imputado fue arrestado tras propinarle varias pu\u00f1aladas a su pareja Modelina Blanca, tambi\u00e9n de nacionalidad haitiana.<\/p>\n\n\n\n<p>La v\u00edctima presenta un estado delicado de salud producto de las lesiones f\u00edsicas que sufri\u00f3 debido a la agresi\u00f3n ejercida por Alcemes.<\/p>\n\n\n\n<p>La Fiscal\u00eda de Santo Domingo Oeste le ha otorgado al hecho la calificaci\u00f3n jur\u00eddica provisional de violaci\u00f3n a los art\u00edculos 2, 295 y 309-3, literal B, del C\u00f3digo Penal Dominicano, modificado por la Ley 24-97, sobre Violencia de G\u00e9nero e Intrafamiliar.<\/p>\n\n\n\n<p>El \u00f3rgano de la persecuci\u00f3n penal resalt\u00f3, adem\u00e1s, que el il\u00edcito infringe lo establecido en el art\u00edculo 42 de la Constituci\u00f3n Dominicana y los art\u00edculos 1, 2, 3 de la Convenci\u00f3n Interamericana, sobre la prevenci\u00f3n, sanci\u00f3n y erradicaci\u00f3n de la violencia contra la mujer, conocida tambi\u00e9n como la Convenci\u00f3n Bel\u00e9m Do Para.<\/p>\n\n\n\n<p><strong>Direcci\u00f3n de Comunicaci\u00f3n y Prensa<\/strong> <strong>Procuradur\u00eda General-Ministerio P\u00fablico RD<\/strong><\/p>\n","protected":false},"excerpt":{"rendered":"<p>SANTO DOMINGO (Rep\u00fablica Dominicana).- El Ministerio P\u00fablico de Santo Domingo Oeste logr\u00f3 que una jueza de la Oficina Judicial de Servicios de Atenci\u00f3n Permanente de esta demarcaci\u00f3n le impusiera tres meses de prisi\u00f3n preventiva a un hombre apresado en flagrante delito cuando intentaba ultimar a su pareja con varias pu\u00f1aladas. La jueza Cecilia Toribio dispuso [&hellip;]<\/p>\n","protected":false},"author":7,"featured_media":268854,"comment_status":"closed","ping_status":"","sticky":true,"template":"","format":"standard","meta":{"footnotes":""},"categories":[24,29,27],"tags":[],"class_list":["post-392454","post","type-post","status-publish","format-standard","has-post-thumbnail","hentry","category-justicia-y-derecho","category-policiasucesos","category-portada"],"_links":{"self":[{"href":"https:\/\/diariodominicano.com\/index.php?rest_route=\/wp\/v2\/posts\/392454","targetHints":{"allow":["GET"]}}],"collection":[{"href":"https:\/\/diariodominicano.com\/index.php?rest_route=\/wp\/v2\/posts"}],"about":[{"href":"https:\/\/diariodominicano.com\/index.php?rest_route=\/wp\/v2\/types\/post"}],"author":[{"embeddable":true,"href":"https:\/\/diariodominicano.com\/index.php?rest_route=\/wp\/v2\/users\/7"}],"replies":[{"embeddable":true,"href":"https:\/\/diariodominicano.com\/index.php?rest_route=%2Fwp%2Fv2%2Fcomments&post=392454"}],"version-history":[{"count":1,"href":"https:\/\/diariodominicano.com\/index.php?rest_route=\/wp\/v2\/posts\/392454\/revisions"}],"predecessor-version":[{"id":392461,"href":"https:\/\/diariodominicano.com\/index.php?rest_route=\/wp\/v2\/posts\/392454\/revisions\/392461"}],"wp:featuredmedia":[{"embeddable":true,"href":"https:\/\/diariodominicano.com\/index.php?rest_route=\/wp\/v2\/media\/268854"}],"wp:attachment":[{"href":"https:\/\/diariodominicano.com\/index.php?rest_route=%2Fwp%2Fv2%2Fmedia&parent=392454"}],"wp:term":[{"taxonomy":"category","embeddable":true,"href":"https:\/\/diariodominicano.com\/index.php?rest_route=%2Fwp%2Fv2%2Fcategories&post=392454"},{"taxonomy":"post_tag","embeddable":true,"href":"https:\/\/diariodominicano.com\/index.php?rest_route=%2Fwp%2Fv2%2Ftags&post=392454"}],"curies":[{"name":"wp","href":"https:\/\/api.w.org\/{rel}","templated":true}]}}