{"id":39237,"date":"2020-03-24T00:03:21","date_gmt":"2020-03-24T00:03:21","guid":{"rendered":"http:\/\/diariodominicano.ddns.net\/?p=39237"},"modified":"2020-03-24T00:03:21","modified_gmt":"2020-03-24T00:03:21","slug":"covid-19-guerra-bacteriologica","status":"publish","type":"post","link":"https:\/\/diariodominicano.com\/?p=39237","title":{"rendered":"\u00bfCOVID-19: guerra bacteriol\u00f3gica?"},"content":{"rendered":"<p><body><\/p>\n<p><strong>Diariodominicano.com<\/strong><\/p>\n<p><strong>\u00bfCOVID-19: guerra bacteriol\u00f3gica?<\/strong><\/p>\n<p><strong>Franklin Almeyda Rancier <\/strong><\/p>\n<\/p>\n<p>En el supuesto de que este virus sea una arma biol\u00f3gica o virusbiol\u00f3gica o bacteriol\u00f3gica o bioarma, creada o mutada con pat\u00f3geno u otro microorganismo, estamos ante la primera guerra universalizada bacteriol\u00f3gica.<\/p>\n<p>Es oportuno recordar que el uso de microorganismos se estipula bajo la Convenci\u00f3n de Armas Qu\u00edmicas. El Comit\u00e9 Internacional de la Cruz Roja (CICR) afirma:<\/p>\n<\/p>\n<p>\u00abLa comunidad internacional prohibi\u00f3 el empleo de armas qu\u00edmicas y biol\u00f3gicas despu\u00e9s de la Primera Guerra Mundial y reforz\u00f3 esa prohibici\u00f3n en 1972 y 1993, cuando proscribi\u00f3 tambi\u00e9n el desarrollo, la producci\u00f3n, el almacenamiento y la transferencia de dichas armas. A ra\u00edz de los adelantos de las ciencias de la vida y la biotecnolog\u00eda y los cambios en cuanto a las condiciones de seguridad, ha crecido la preocupaci\u00f3n de que las restricciones impuestas desde hace a\u00f1os al empleo de armas qu\u00edmicas y biol\u00f3gicas se vean socavadas o ignoradas\u00bb.<\/p>\n<\/p>\n<p>Agrega: \u00abEl uso inadecuado de la ciencia o de los avances cient\u00edficos para el desarrollo de armas que envenenen o propaguen deliberadamente enfermedades siempre ha provocado alarma y repudio en la opini\u00f3n p\u00fablica. El CICR dio cuenta del horror que provoc\u00f3 en la opini\u00f3n p\u00fablica el empleo de esas armas en el llamamiento que formul\u00f3 en febrero de 1918, en el que se refiri\u00f3 a ellas como ?inventos propios de la barbarie? que ?s\u00f3lo pueden ser calificados de criminales?.\u00bb(\u00abArmas qu\u00edmicas y armas biol\u00f3gicas\u00bb Abril 2013).<\/p>\n<\/p>\n<p>Efectivamente, en 1925 se acord\u00f3 el \u00abProtocolo de Ginebra\u00bb, prohibiendo gases t\u00f3xicos como armas de guerra qu\u00edmica y asimilada por igual a bacteriol\u00f3gica, especialmente las Convenciones de 1972 y m\u00e1s reciente la de 1993; la primera, asegura el Comit\u00e9 Internacional de la Cruz Roja, \u00ab&#8230;se suele hacer referencia como la Convenci\u00f3n de armas biol\u00f3gicas o la Convenci\u00f3n de armas biol\u00f3gicas y tox\u00ednicas, supuso un gran avance hacia la eliminaci\u00f3n total de ese tipo aberrante de armas\u00bb.<\/p>\n<\/p>\n<p>El CICR dice que: \u00abDado el enorme potencial, tanto beneficioso como perjudicial, de los avances en las ciencias qu\u00edmicas y biol\u00f3gicas (&#8230;) la vigilancia del posible empleo de esos adelantos para desarrollar armas qu\u00edmicas y biol\u00f3gicas sigue siendo sumamente pertinente\u00bb.<\/p>\n<\/p>\n<p>Agrega: \u00abEn respuesta a esas preocupaciones, el CICR hizo un llamamiento en septiembre de 2002 sobre \u00abBiotecnolog\u00eda, armas y humanidad\u00bb, que se centra en la posibilidad no s\u00f3lo de que la ciencia se utilice con fines hostiles, sino tambi\u00e9n de que los adelantos cient\u00edficos se utilicen para modificar agentes de enfermedades existentes de modo de tornarlos m\u00e1s nocivos, fabricar virus a partir de materiales sint\u00e9ticos y qu\u00edmicos para alterar la conciencia, el comportamiento o la fertilidad\u00bb.<\/p>\n<\/p>\n<p>Si de esas preocupaciones se trata el Covid-19, se puede suponer que el objetivo perseguido, sin importar cu\u00e1ntos cientos de miles o millones de muertos se provocar\u00e1n, sin disparar un arma de fuego, es el desplome de la econom\u00eda, provocando un nuevo orden en el mercado mundial. Aun no siendo provocada esta pandemia bacteriol\u00f3gica, hay ya miles de muertos y desde este momento el inicio de una fuerte recesi\u00f3n econ\u00f3mica en la aldea global de la cual no escapa ning\u00fan pa\u00eds. Para este desaf\u00edo como pa\u00eds debemos prepararnos. Esta crisis, asumirla como una oportunidad para avanzar; seamos fuertes y solidarios. S\u00f3lo requerimos de un Jefe de Estado en quien confiar por su capacidad y experiencia.<\/p>\n<\/p>\n<h6> 2020-03-24 00:03:21 <\/h6>\n<p><!--\n<link rel=\"stylesheet\" href=\"css\/bootstrap.min.css\">\n\n\n<ul class=\"pagination\">\n\t    \n\t\n\n<li >\n\t<a href='?page_no=256'>Previous<\/a>\n\t<\/li>\n\n\n       \n    \n\n<li><a href='?page_no=1'>1<\/a><\/li>\n\n\n\n<li><a href='?page_no=2'>2<\/a><\/li>\n\n\n\n<li><a>...<\/a><\/li>\n\n\n\n<li><a href='?page_no=255'>255<\/a><\/li>\n\n\n\n<li><a href='?page_no=256'>256<\/a><\/li>\n\n\n\n<li class='active'><a>257<\/a><\/li>\n\n\n\n<li><a href='?page_no=258'>258<\/a><\/li>\n\n\n\n<li><a href='?page_no=259'>259<\/a><\/li>\n\n\n\n<li><a>...<\/a><\/li>\n\n\n\n<li><a href='?page_no=13611'>13611<\/a><\/li>\n\n\n\n<li><a href='?page_no=13612'>13612<\/a><\/li>\n\n    \n\t\n\n<li >\n\t<a href='?page_no=258'>Next<\/a>\n\t<\/li>\n\n\n    \n\n<li><a href='?page_no=13612'>Last &rsaquo;&rsaquo;<\/a><\/li>\n\n<\/ul>\n\n\n--><br \/>\n<\/body><\/p>\n","protected":false},"excerpt":{"rendered":"<p>Diariodominicano.com \u00bfCOVID-19: guerra bacteriol\u00f3gica? Franklin Almeyda Rancier En el supuesto de que este virus sea una arma biol\u00f3gica o virusbiol\u00f3gica o bacteriol\u00f3gica o bioarma, creada o mutada con pat\u00f3geno u otro microorganismo, estamos ante la primera guerra universalizada bacteriol\u00f3gica. Es oportuno recordar que el uso de microorganismos se estipula bajo la Convenci\u00f3n de Armas Qu\u00edmicas. [&hellip;]<\/p>\n","protected":false},"author":3,"featured_media":0,"comment_status":"open","ping_status":"open","sticky":false,"template":"","format":"standard","meta":{"footnotes":""},"categories":[16],"tags":[],"class_list":["post-39237","post","type-post","status-publish","format-standard","hentry","category-opiniones"],"_links":{"self":[{"href":"https:\/\/diariodominicano.com\/index.php?rest_route=\/wp\/v2\/posts\/39237","targetHints":{"allow":["GET"]}}],"collection":[{"href":"https:\/\/diariodominicano.com\/index.php?rest_route=\/wp\/v2\/posts"}],"about":[{"href":"https:\/\/diariodominicano.com\/index.php?rest_route=\/wp\/v2\/types\/post"}],"author":[{"embeddable":true,"href":"https:\/\/diariodominicano.com\/index.php?rest_route=\/wp\/v2\/users\/3"}],"replies":[{"embeddable":true,"href":"https:\/\/diariodominicano.com\/index.php?rest_route=%2Fwp%2Fv2%2Fcomments&post=39237"}],"version-history":[{"count":0,"href":"https:\/\/diariodominicano.com\/index.php?rest_route=\/wp\/v2\/posts\/39237\/revisions"}],"wp:attachment":[{"href":"https:\/\/diariodominicano.com\/index.php?rest_route=%2Fwp%2Fv2%2Fmedia&parent=39237"}],"wp:term":[{"taxonomy":"category","embeddable":true,"href":"https:\/\/diariodominicano.com\/index.php?rest_route=%2Fwp%2Fv2%2Fcategories&post=39237"},{"taxonomy":"post_tag","embeddable":true,"href":"https:\/\/diariodominicano.com\/index.php?rest_route=%2Fwp%2Fv2%2Ftags&post=39237"}],"curies":[{"name":"wp","href":"https:\/\/api.w.org\/{rel}","templated":true}]}}