{"id":392268,"date":"2022-10-25T00:14:09","date_gmt":"2022-10-25T04:14:09","guid":{"rendered":"http:\/\/diariodominicano.com\/?p=392268"},"modified":"2022-10-25T00:14:09","modified_gmt":"2022-10-25T04:14:09","slug":"juan-isidro-jimenes-electo-presidente-de-la-republica-dominicana-con-el-apoyo-de-federico-velasquez","status":"publish","type":"post","link":"https:\/\/diariodominicano.com\/?p=392268","title":{"rendered":"Juan Isidro Jimenes\u00a0electo  Presidente de la Rep\u00fablica Dominicana con el apoyo de Feder\u00edco Vel\u00e1squez"},"content":{"rendered":"\n<p><strong>Juan Isidro Jimenes\u00a0<\/strong><\/p>\n\n\n\n<p>Por HTN<\/p>\n\n\n\n<p>Diariodominicano.com<\/p>\n\n\n\n<p> SANTO DOMINGO, el\u00a0 25 de octubre de 1914, Juan Isidro Jimenes, fue electo Presidente de la Rep\u00fablica Dominicana.<\/p>\n\n\n\n<p>&nbsp;&nbsp;&nbsp;&nbsp; Obtuvo el triunfo con el&nbsp; apoyo de la fuerza pol\u00edtica que representaba Federico Vel\u00e1squez.<\/p>\n\n\n\n<p>&nbsp;&nbsp;&nbsp;&nbsp; Como reconocimiento,&nbsp; el Presidente Juan Isidro Jim\u00e9nez le dio a Federico Vel\u00e1squez el 25 por ciento de los cargos del Gobierno.<\/p>\n\n\n\n<p>&nbsp;&nbsp;&nbsp; Los comicios en que fue electo el Presidente Juan Isidro Jimenes fueron calificados de libres y democr\u00e1ticos.<\/p>\n","protected":false},"excerpt":{"rendered":"<p>Juan Isidro Jimenes\u00a0 Por HTN Diariodominicano.com SANTO DOMINGO, el\u00a0 25 de octubre de 1914, Juan Isidro Jimenes, fue electo Presidente de la Rep\u00fablica Dominicana. &nbsp;&nbsp;&nbsp;&nbsp; Obtuvo el triunfo con el&nbsp; apoyo de la fuerza pol\u00edtica que representaba Federico Vel\u00e1squez. &nbsp;&nbsp;&nbsp;&nbsp; Como reconocimiento,&nbsp; el Presidente Juan Isidro Jim\u00e9nez le dio a Federico Vel\u00e1squez el 25 por [&hellip;]<\/p>\n","protected":false},"author":28,"featured_media":275446,"comment_status":"closed","ping_status":"","sticky":true,"template":"","format":"standard","meta":{"footnotes":""},"categories":[26,27],"tags":[],"class_list":["post-392268","post","type-post","status-publish","format-standard","has-post-thumbnail","hentry","category-efemerides","category-portada"],"_links":{"self":[{"href":"https:\/\/diariodominicano.com\/index.php?rest_route=\/wp\/v2\/posts\/392268","targetHints":{"allow":["GET"]}}],"collection":[{"href":"https:\/\/diariodominicano.com\/index.php?rest_route=\/wp\/v2\/posts"}],"about":[{"href":"https:\/\/diariodominicano.com\/index.php?rest_route=\/wp\/v2\/types\/post"}],"author":[{"embeddable":true,"href":"https:\/\/diariodominicano.com\/index.php?rest_route=\/wp\/v2\/users\/28"}],"replies":[{"embeddable":true,"href":"https:\/\/diariodominicano.com\/index.php?rest_route=%2Fwp%2Fv2%2Fcomments&post=392268"}],"version-history":[{"count":1,"href":"https:\/\/diariodominicano.com\/index.php?rest_route=\/wp\/v2\/posts\/392268\/revisions"}],"predecessor-version":[{"id":392270,"href":"https:\/\/diariodominicano.com\/index.php?rest_route=\/wp\/v2\/posts\/392268\/revisions\/392270"}],"wp:featuredmedia":[{"embeddable":true,"href":"https:\/\/diariodominicano.com\/index.php?rest_route=\/wp\/v2\/media\/275446"}],"wp:attachment":[{"href":"https:\/\/diariodominicano.com\/index.php?rest_route=%2Fwp%2Fv2%2Fmedia&parent=392268"}],"wp:term":[{"taxonomy":"category","embeddable":true,"href":"https:\/\/diariodominicano.com\/index.php?rest_route=%2Fwp%2Fv2%2Fcategories&post=392268"},{"taxonomy":"post_tag","embeddable":true,"href":"https:\/\/diariodominicano.com\/index.php?rest_route=%2Fwp%2Fv2%2Ftags&post=392268"}],"curies":[{"name":"wp","href":"https:\/\/api.w.org\/{rel}","templated":true}]}}