{"id":392166,"date":"2022-10-24T18:21:52","date_gmt":"2022-10-24T22:21:52","guid":{"rendered":"http:\/\/diariodominicano.com\/?p=392166"},"modified":"2025-12-29T01:04:55","modified_gmt":"2025-12-29T05:04:55","slug":"recuerdan-en-cuba-legado-de-hugo-rius-periodista-de-prensa-latina-fotos","status":"publish","type":"post","link":"https:\/\/diariodominicano.com\/?p=392166","title":{"rendered":"Recuerdan en Cuba legado de Hugo Rius, periodista de Prensa Latina (+Fotos)"},"content":{"rendered":"\n<h1 class=\"wp-block-heading\"><\/h1>\n\n\n\n<p>La Habana, 24 de oct (Prensa Latina) Amigos y colegas del premio nacional de Periodismo Jos\u00e9 Mart\u00ed, Hugo Rius, recordaron hoy la vida y obra del reportero de Prensa Latina, quien falleci\u00f3 el pasado 26 de agosto en la capital de Uruguay.&nbsp;&nbsp;&nbsp;&nbsp;<\/p>\n\n\n\n<ul class=\"wp-block-list\"><li>octubre 24, 2022<\/li><li>CDT15:15 (GMT) -0400<\/li><\/ul>\n\n\n\n<ul class=\"wp-block-list\"><li>Fotos: Vladimir Molina, Prensa Latina<\/li><\/ul>\n\n\n\n<p>Al homenaje, efectuado en la sede de la Uni\u00f3n de Periodistas de Cuba (UPEC), asisti\u00f3 la viuda del reconocido redactor, Mar\u00eda del Carmen Mar\u00edn, la vicepresidenta primera de la UPEC, Rosa Miriam Elizalde, y varios compa\u00f1eros de labor y exalumnos del tambi\u00e9n profesor.<\/p>\n\n\n\n<figure class=\"wp-block-image\"><img decoding=\"async\" src=\"https:\/\/www.prensa-latina.cu\/wp-content\/uploads\/2022\/10\/Homenaje-II.jpg\" alt=\"Homenaje-II\" class=\"wp-image-346253\"\/><\/figure>\n\n\n\n<p>Entre los participantes estuvieron los premios nacionales de Periodismo Jos\u00e9 Mart\u00ed, Juana Carrasco, Irma C\u00e1ceres, Manuel Guerrero, Pedro Mart\u00ednez y Eduardo Yassel.<\/p>\n\n\n\n<figure class=\"wp-block-image\"><img decoding=\"async\" src=\"https:\/\/www.prensa-latina.cu\/wp-content\/uploads\/2022\/10\/Homenaje-III.jpg\" alt=\"Homenaje-III\" class=\"wp-image-346255\"\/><\/figure>\n\n\n\n<p>\u00abHugo honra el periodismo cubano\u00bb, afirm\u00f3 Pedro Mart\u00ednez, quien se refiri\u00f3 a \u00e9l como un hombre de talento, con personalidad y estilo propios.<\/p>\n\n\n\n<p>Mart\u00ednez trasmiti\u00f3 asimismo el mensaje de Carlos Medina, corresponsal de Radio Habana Cuba en Montevideo, que manifest\u00f3 por esa v\u00eda su reconocimiento al periodista de Prensa Latina, fallecido mientras se desempe\u00f1aba como corresponsal de la agencia en la capital uruguaya.<\/p>\n\n\n\n<figure class=\"wp-block-image\"><img decoding=\"async\" src=\"https:\/\/www.prensa-latina.cu\/wp-content\/uploads\/2022\/10\/Homenaje-IV.jpg\" alt=\"Homenaje-IV\" class=\"wp-image-346256\"\/><\/figure>\n\n\n\n<p>El editor Roberto Molina, tambi\u00e9n compa\u00f1ero de trabajo de Rius, record\u00f3 los altos valores humanos que pose\u00eda y c\u00f3mo cuando compartieron misi\u00f3n en Vietnam, a \u00e9l acud\u00edan diplom\u00e1ticos y funcionarios cubanos a pedir sus consideraciones sobre distintas cuestiones.<\/p>\n\n\n\n<figure class=\"wp-block-image\"><img decoding=\"async\" src=\"https:\/\/www.prensa-latina.cu\/wp-content\/uploads\/2022\/10\/Homenaje-V.jpg\" alt=\"Homenaje-V\" class=\"wp-image-346258\"\/><\/figure>\n\n\n\n<p>Refiri\u00f3 que Rius era un apasionado de la obra de Ryszard Kapu\u015bci\u0144ski y realiz\u00f3 grandes aportes a la formaci\u00f3n de las nuevas generaciones, de ah\u00ed que propuso nombrar en su honor alguno de los espacios de la Facultad de Comunicaci\u00f3n de la Universidad de La Habana, su otro escenario de desarrollo profesional.<\/p>\n\n\n\n<p>Juana Carrasco, por su parte, catalog\u00f3 al homenajeado como un gran analista y resalt\u00f3 su enorme \u00e9tica; en tanto la profesora Mar\u00eda de los \u00c1ngeles Gonz\u00e1lez lo valor\u00f3 como un gran amigo y un profesor intachable.<\/p>\n\n\n\n<p>La vicepresidenta de la UPEC, Rosa Miriam Elizalde, expres\u00f3 la admiraci\u00f3n de todos lo que fueron sus alumnos, por su labor profesional y por haber sido testigo de numerosos hechos hist\u00f3ricos, incluidos encuentros con Ernesto Che Guevara.<\/p>\n\n\n\n<p>Lo calific\u00f3 como un hombre de amplia cultura, que enamoraba a los j\u00f3venes de la profesi\u00f3n y era un gran educador.<\/p>\n\n\n\n<p>Rememor\u00f3 sus aportes al portal Cubadebate, su humildad e inteligencia, as\u00ed como su extraordinaria sensibilidad por el gremio y los que dedicaron su vida al periodismo.<\/p>\n\n\n\n<p>jha\/kmg<\/p>\n","protected":false},"excerpt":{"rendered":"<p>La Habana, 24 de oct (Prensa Latina) Amigos y colegas del premio nacional de Periodismo Jos\u00e9 Mart\u00ed, Hugo Rius, recordaron hoy la vida y obra del reportero de Prensa Latina, quien falleci\u00f3 el pasado 26 de agosto en la capital de Uruguay.&nbsp;&nbsp;&nbsp;&nbsp; octubre 24, 2022 CDT15:15 (GMT) -0400 Fotos: Vladimir Molina, Prensa Latina Al homenaje, [&hellip;]<\/p>\n","protected":false},"author":28,"featured_media":392167,"comment_status":"closed","ping_status":"closed","sticky":false,"template":"","format":"standard","meta":{"footnotes":""},"categories":[36,23],"tags":[3556],"class_list":["post-392166","post","type-post","status-publish","format-standard","has-post-thumbnail","hentry","category-hombresmujeresycosas","category-internacional","tag-prensa-latina"],"_links":{"self":[{"href":"https:\/\/diariodominicano.com\/index.php?rest_route=\/wp\/v2\/posts\/392166","targetHints":{"allow":["GET"]}}],"collection":[{"href":"https:\/\/diariodominicano.com\/index.php?rest_route=\/wp\/v2\/posts"}],"about":[{"href":"https:\/\/diariodominicano.com\/index.php?rest_route=\/wp\/v2\/types\/post"}],"author":[{"embeddable":true,"href":"https:\/\/diariodominicano.com\/index.php?rest_route=\/wp\/v2\/users\/28"}],"replies":[{"embeddable":true,"href":"https:\/\/diariodominicano.com\/index.php?rest_route=%2Fwp%2Fv2%2Fcomments&post=392166"}],"version-history":[{"count":1,"href":"https:\/\/diariodominicano.com\/index.php?rest_route=\/wp\/v2\/posts\/392166\/revisions"}],"predecessor-version":[{"id":392168,"href":"https:\/\/diariodominicano.com\/index.php?rest_route=\/wp\/v2\/posts\/392166\/revisions\/392168"}],"wp:featuredmedia":[{"embeddable":true,"href":"https:\/\/diariodominicano.com\/index.php?rest_route=\/wp\/v2\/media\/392167"}],"wp:attachment":[{"href":"https:\/\/diariodominicano.com\/index.php?rest_route=%2Fwp%2Fv2%2Fmedia&parent=392166"}],"wp:term":[{"taxonomy":"category","embeddable":true,"href":"https:\/\/diariodominicano.com\/index.php?rest_route=%2Fwp%2Fv2%2Fcategories&post=392166"},{"taxonomy":"post_tag","embeddable":true,"href":"https:\/\/diariodominicano.com\/index.php?rest_route=%2Fwp%2Fv2%2Ftags&post=392166"}],"curies":[{"name":"wp","href":"https:\/\/api.w.org\/{rel}","templated":true}]}}