{"id":39215,"date":"2020-03-25T00:06:19","date_gmt":"2020-03-25T00:06:19","guid":{"rendered":"http:\/\/diariodominicano.ddns.net\/?p=39215"},"modified":"2020-03-25T00:06:19","modified_gmt":"2020-03-25T00:06:19","slug":"coronavirus-y-elecciones","status":"publish","type":"post","link":"https:\/\/diariodominicano.com\/?p=39215","title":{"rendered":"&#13;Coronavirus y elecciones"},"content":{"rendered":"<p><body><\/p>\n<p>VISI\u00d3N GLOBAL<\/p>\n<p>Por Nelson Encarnaci\u00f3n<\/p>\n<\/p>\n<\/p>\n<p>Coronavirus y elecciones<\/p>\n<\/p>\n<\/p>\n<p>En medio de la enorme tragedia mundial que significa la pandemia de coronavirus no ser\u00eda nada agradable que en la Rep\u00fablica Dominicana se estuviera tratando un tema no relacionado directamente con la necesaria solidaridad generalizada para hacerle frente a la crisis sanitaria que nos amenaza a todos.<\/p>\n<\/p>\n<\/p>\n<p>Sin embargo, ha habido que distraer un valioso tiempo para abordar el tema electoral que tambi\u00e9n nos ata\u00f1e, pues el pa\u00eds est\u00e1 llamado por la Constituci\u00f3n de la Rep\u00fablica a decidir el curso institucional por los pr\u00f3ximos cuatro a\u00f1os mediante la elecci\u00f3n de las nuevas autoridades nacionales.<\/p>\n<\/p>\n<\/p>\n<p>Se entender\u00eda un tema fuera de discusi\u00f3n, de no ser por el hecho de que en las \u00faltimas horas suenan voces que con un desinter\u00e9s simulado, lanzan la idea de que lo conveniente ser\u00eda posponer las elecciones presidenciales y legislativas pautadas para el 17 de mayo pr\u00f3ximo, en el entendido de que la pandemia reduce las condiciones para que se celebren.<\/p>\n<\/p>\n<\/p>\n<p>Ninguna de esas ideas surge de la nada, sin importar que provengan de voces alineadas con la oposici\u00f3n. Y estas han sido las menos.<\/p>\n<\/p>\n<\/p>\n<p>En las \u00faltimas jornadas ha aflorado un enjambre de opinantes ubicados en las cercan\u00edas del partido de Gobierno cuyo tema fundamental es afincar el criterio de que nuestro pa\u00eds no puede celebrar esos procesos sin poner en peligro a los votantes.<\/p>\n<\/p>\n<\/p>\n<p>Y uno conociendo el talante del Partido de la Liberaci\u00f3n Dominicana sabe que se trata de una l\u00ednea que procede de su direcci\u00f3n principal con la finalidad de sembrar la matriz de opini\u00f3n en ese sentido, de forma que se convierta \u00aben un clamor nacional\u00bb.<\/p>\n<\/p>\n<\/p>\n<p>\u00bfQu\u00e9 procurar\u00eda el PLD con una posposici\u00f3n de los comicios? Para nadie es un secreto que el candidato oficialista todav\u00eda \u00abnecesita tiempo\u00bb para llegarle a la poblaci\u00f3n, a pesar de que tiene en campa\u00f1a tanto tiempo como los dem\u00e1s aspirantes a la Presidencia de la Rep\u00fablica.<\/p>\n<\/p>\n<p>Es una idea peregrina, pues como refiere uno de los versos de la canci\u00f3n \u00abPueblo blanco\u00bb, del espa\u00f1ol Joan Manuel Serrat, \u00ab&#8230;no esperes ma\u00f1ana lo que no te dio ayer\u00bb.<\/p>\n<\/p>\n<\/p>\n<p>Esto es, que un candidato tirado al ruedo inclusive por encima de la ley electoral sin haber logrado un posicionamiento competitivo, una eventual posposici\u00f3n de las elecciones le servir\u00eda de poco, y si acaso se produjese una variaci\u00f3n de su situaci\u00f3n, ser\u00eda para seguir bajando en las preferencias de los votantes.<\/p>\n<\/p>\n<\/p>\n<p>De modo que la posici\u00f3n de las elecciones no deber\u00eda estar en la mesa de discusi\u00f3n de los partidos de oposici\u00f3n, y ha hecho bien la Junta Central Electoral con seguir adelante conforme su calendario, aunque ciertamente, al final la JCE se debe a lo que decidan los actores del proceso.<\/p>\n<\/p>\n<\/p>\n<p>Nelsonencar10@gmail.com<\/p>\n<\/p>\n<p>Zona de los archivos adjuntos<\/p>\n<h6> 2020-03-25 00:06:19 <\/h6>\n<p><!--\n<link rel=\"stylesheet\" href=\"css\/bootstrap.min.css\">\n\n\n<ul class=\"pagination\">\n\t    \n\t\n\n<li >\n\t<a href='?page_no=254'>Previous<\/a>\n\t<\/li>\n\n\n       \n    \n\n<li><a href='?page_no=1'>1<\/a><\/li>\n\n\n\n<li><a href='?page_no=2'>2<\/a><\/li>\n\n\n\n<li><a>...<\/a><\/li>\n\n\n\n<li><a href='?page_no=253'>253<\/a><\/li>\n\n\n\n<li><a href='?page_no=254'>254<\/a><\/li>\n\n\n\n<li class='active'><a>255<\/a><\/li>\n\n\n\n<li><a href='?page_no=256'>256<\/a><\/li>\n\n\n\n<li><a href='?page_no=257'>257<\/a><\/li>\n\n\n\n<li><a>...<\/a><\/li>\n\n\n\n<li><a href='?page_no=13611'>13611<\/a><\/li>\n\n\n\n<li><a href='?page_no=13612'>13612<\/a><\/li>\n\n    \n\t\n\n<li >\n\t<a href='?page_no=256'>Next<\/a>\n\t<\/li>\n\n\n    \n\n<li><a href='?page_no=13612'>Last &rsaquo;&rsaquo;<\/a><\/li>\n\n<\/ul>\n\n\n--><br \/>\n<\/body><\/p>\n","protected":false},"excerpt":{"rendered":"<p>VISI\u00d3N GLOBAL Por Nelson Encarnaci\u00f3n Coronavirus y elecciones En medio de la enorme tragedia mundial que significa la pandemia de coronavirus no ser\u00eda nada agradable que en la Rep\u00fablica Dominicana se estuviera tratando un tema no relacionado directamente con la necesaria solidaridad generalizada para hacerle frente a la crisis sanitaria que nos amenaza a todos. [&hellip;]<\/p>\n","protected":false},"author":3,"featured_media":0,"comment_status":"open","ping_status":"open","sticky":false,"template":"","format":"standard","meta":{"footnotes":""},"categories":[16],"tags":[],"class_list":["post-39215","post","type-post","status-publish","format-standard","hentry","category-opiniones"],"_links":{"self":[{"href":"https:\/\/diariodominicano.com\/index.php?rest_route=\/wp\/v2\/posts\/39215","targetHints":{"allow":["GET"]}}],"collection":[{"href":"https:\/\/diariodominicano.com\/index.php?rest_route=\/wp\/v2\/posts"}],"about":[{"href":"https:\/\/diariodominicano.com\/index.php?rest_route=\/wp\/v2\/types\/post"}],"author":[{"embeddable":true,"href":"https:\/\/diariodominicano.com\/index.php?rest_route=\/wp\/v2\/users\/3"}],"replies":[{"embeddable":true,"href":"https:\/\/diariodominicano.com\/index.php?rest_route=%2Fwp%2Fv2%2Fcomments&post=39215"}],"version-history":[{"count":0,"href":"https:\/\/diariodominicano.com\/index.php?rest_route=\/wp\/v2\/posts\/39215\/revisions"}],"wp:attachment":[{"href":"https:\/\/diariodominicano.com\/index.php?rest_route=%2Fwp%2Fv2%2Fmedia&parent=39215"}],"wp:term":[{"taxonomy":"category","embeddable":true,"href":"https:\/\/diariodominicano.com\/index.php?rest_route=%2Fwp%2Fv2%2Fcategories&post=39215"},{"taxonomy":"post_tag","embeddable":true,"href":"https:\/\/diariodominicano.com\/index.php?rest_route=%2Fwp%2Fv2%2Ftags&post=39215"}],"curies":[{"name":"wp","href":"https:\/\/api.w.org\/{rel}","templated":true}]}}