{"id":392122,"date":"2022-10-24T16:19:01","date_gmt":"2022-10-24T20:19:01","guid":{"rendered":"http:\/\/diariodominicano.com\/?p=392122"},"modified":"2022-10-24T16:19:01","modified_gmt":"2022-10-24T20:19:01","slug":"papa-francisco-recibe-en-el-vaticano-a-emmanuel-macron-presidente-de-francia","status":"publish","type":"post","link":"https:\/\/diariodominicano.com\/?p=392122","title":{"rendered":"Papa Francisco recibe en el Vaticano a Emmanuel Macron, presidente de Francia"},"content":{"rendered":"\n<p>diariodominicano.com<\/p>\n\n\n\n<p>POR\u00a0<a href=\"https:\/\/www.aciprensa.com\/noticias\/el-papa-francisco-recibe-en-el-vaticano-a-emmanuel-macron-presidente-de-francia-91580?rel=author\">ALMUDENA MART\u00cdNEZ-BORDI\u00da<\/a>\u00a0| ACI Prensa<\/p>\n\n\n\n<p>Vaticano, 24 de octubre, 2022.-  En la ma\u00f1ana de este lunes 24 de octubre, el Papa Francisco ha recibido en audiencia en el Palacio Apost\u00f3lico del Vaticano a Emmanuel Macron, presidente de Francia.\u00a0<\/p>\n\n\n\n<p>Seg\u00fan inform\u00f3 la Oficina de Prensa de la Santa Sede, durante la reuni\u00f3n trataron temas internacionales, empezando por el conflicto en Ucrania, con especial atenci\u00f3n a la situaci\u00f3n humanitaria. Tambi\u00e9n hablaron acerca de los conflictos en la regi\u00f3n del C\u00e1ucaso, Oriente Medio y \u00c1frica.\u00a0\u00a0<\/p>\n\n\n\n<p>Durante el tradicional intercambio de regalos, el Santo Padre entreg\u00f3 al presidente una medalla de bronce, enmarcada en m\u00e1rmol,&nbsp;<strong>que representa la \u201ccolumnata\u201d de la Plaza de San Pedro del Vaticano.<\/strong><\/p>\n\n\n\n<p>Se trata de una medalla que muestra el dise\u00f1o original de Bernini, que quiso dise\u00f1ar un \u201ctercer brazo\u201d, nunca realizado, para cerrar la plaza.<\/p>\n\n\n\n<p>Con ello, el arquitecto pretend\u00eda&nbsp;<strong>aumentar el asombro de los peregrinos<\/strong>, que tras recorrer un laberinto de calles se encontrar\u00edan ante la majestuosidad de la Bas\u00edlica de San Pedro.<\/p>\n\n\n\n<p>El presidente de Francia participar\u00e1 adem\u00e1s en el encuentro internacional&nbsp;<a href=\"https:\/\/www.aciprensa.com\/noticias\/el-papa-francisco-reza-por-la-paz-en-ucrania-y-en-etiopia-44923\">\u201cEl grito por la paz\u201d<\/a>, que contar\u00e1 tambi\u00e9n con la presencia del Papa Francisco, quien acudir\u00e1 ma\u00f1ana 25 de octubre al Coliseo<strong>&nbsp;para rezar por la paz en Ucrania y en el mundo<\/strong>&nbsp;junto a otros representantes de Iglesias y comunidades cristianas del mundo.&nbsp;<\/p>\n\n\n\n<p>En la tarde previa al encuentro con el Papa Francisco, el presidente franc\u00e9s se reuni\u00f3 con\u00a0<a href=\"https:\/\/www.aciprensa.com\/noticias\/celebran-victoria-de-nueva-primera-ministra-de-italia-catolica-provida-y-profamilia-50050\">Giorgia Meloni,<\/a>\u00a0la nueva primera ministra italiana.<\/p>\n\n\n\n<p><\/p>\n","protected":false},"excerpt":{"rendered":"<p>diariodominicano.com POR\u00a0ALMUDENA MART\u00cdNEZ-BORDI\u00da\u00a0| ACI Prensa Vaticano, 24 de octubre, 2022.- En la ma\u00f1ana de este lunes 24 de octubre, el Papa Francisco ha recibido en audiencia en el Palacio Apost\u00f3lico del Vaticano a Emmanuel Macron, presidente de Francia.\u00a0 Seg\u00fan inform\u00f3 la Oficina de Prensa de la Santa Sede, durante la reuni\u00f3n trataron temas internacionales, empezando [&hellip;]<\/p>\n","protected":false},"author":5,"featured_media":392123,"comment_status":"closed","ping_status":"","sticky":true,"template":"","format":"standard","meta":{"footnotes":""},"categories":[23,27],"tags":[],"class_list":["post-392122","post","type-post","status-publish","format-standard","has-post-thumbnail","hentry","category-internacional","category-portada"],"_links":{"self":[{"href":"https:\/\/diariodominicano.com\/index.php?rest_route=\/wp\/v2\/posts\/392122","targetHints":{"allow":["GET"]}}],"collection":[{"href":"https:\/\/diariodominicano.com\/index.php?rest_route=\/wp\/v2\/posts"}],"about":[{"href":"https:\/\/diariodominicano.com\/index.php?rest_route=\/wp\/v2\/types\/post"}],"author":[{"embeddable":true,"href":"https:\/\/diariodominicano.com\/index.php?rest_route=\/wp\/v2\/users\/5"}],"replies":[{"embeddable":true,"href":"https:\/\/diariodominicano.com\/index.php?rest_route=%2Fwp%2Fv2%2Fcomments&post=392122"}],"version-history":[{"count":1,"href":"https:\/\/diariodominicano.com\/index.php?rest_route=\/wp\/v2\/posts\/392122\/revisions"}],"predecessor-version":[{"id":392124,"href":"https:\/\/diariodominicano.com\/index.php?rest_route=\/wp\/v2\/posts\/392122\/revisions\/392124"}],"wp:featuredmedia":[{"embeddable":true,"href":"https:\/\/diariodominicano.com\/index.php?rest_route=\/wp\/v2\/media\/392123"}],"wp:attachment":[{"href":"https:\/\/diariodominicano.com\/index.php?rest_route=%2Fwp%2Fv2%2Fmedia&parent=392122"}],"wp:term":[{"taxonomy":"category","embeddable":true,"href":"https:\/\/diariodominicano.com\/index.php?rest_route=%2Fwp%2Fv2%2Fcategories&post=392122"},{"taxonomy":"post_tag","embeddable":true,"href":"https:\/\/diariodominicano.com\/index.php?rest_route=%2Fwp%2Fv2%2Ftags&post=392122"}],"curies":[{"name":"wp","href":"https:\/\/api.w.org\/{rel}","templated":true}]}}