{"id":39193,"date":"2020-03-26T02:55:34","date_gmt":"2020-03-26T02:55:34","guid":{"rendered":"http:\/\/diariodominicano.ddns.net\/?p=39193"},"modified":"2020-03-26T02:55:34","modified_gmt":"2020-03-26T02:55:34","slug":"covid-19-crisis-capitalista-y-tercera-guerra-mundial","status":"publish","type":"post","link":"https:\/\/diariodominicano.com\/?p=39193","title":{"rendered":"COVID 19, CRISIS CAPITALISTA Y TERCERA GUERRA MUNDIAL"},"content":{"rendered":"<p><body><\/p>\n<p><strong>COVID 19, CRISIS CAPITALISTA Y TERCERA GUERRA MUNDIAL<\/strong><\/p>\n<p><strong>                                                                                          Por Narciso Isa Conde.<\/strong><\/p>\n<\/p>\n<p>En homenaje al pensador argentino y querido camarada Jorge Beinstein, estudioso del capitalismo y sus crisis,  luchador en pro del COMUNISMO DEL SIGLO XXI<\/p>\n<\/p>\n<p>Estas ideas no son solo m\u00edas, sino de la izquierda consecuente de este pa\u00eds y del mundo, de la que ha optado por no quedarse en la superficie al analizar la precipitaci\u00f3n del binomio crisis de salud-crisis econ\u00f3mica,  global y nacional.<\/p>\n<\/p>\n<p>M\u00e1s que esas dos crisis superpuestas, esta es una multi-crisis de decadencia progresiva del dominio y la gobernanza del gran capital; una crisis integral de la civilizaci\u00f3n burguesa empapada de neoliberalismo y portadora del gansterismo de sus elites pol\u00edticas, empresariales y militares.<\/p>\n<\/p>\n<p>Es una crisis de gran envergadura, acumulada durante d\u00e9cadas en la esfera de lo pol\u00edtico-institucional, econ\u00f3mico-social, las relaciones de g\u00e9nero, en lo urban\u00edstico, ambiental, moral&#8230; que ha sido detonada y acelerada en grande a ESCALA MUNDIAL, REGIONAL Y NACIONAL por una nueva agresi\u00f3n imperialista en el contexto de una nueva modalidad de guerra global, la tercera en los \u00faltimos dos siglos.<\/p>\n<p><strong> <\/strong><\/p>\n<p><strong>\u00b7         LA TERCERA GUERRA MUNDIAL EN MARCHA.<\/strong><\/p>\n<\/p>\n<p> En esta era neoliberal o neo-conservadora del lumpen capitalismo, como mecanismo empleado para su supervivencia, est\u00e1 en marcha una modalidad multifac\u00e9tica de la guerra imperialista.<\/p>\n<\/p>\n<p>Esta modalidad en evoluci\u00f3n se inici\u00f3 con el manejo perverso y extorsionador de la deuda financiar\u00eda, las h\u00edper-bombas financieras y las guerras de baja y mediana intensidad; y ahora presenta sus tenebrosas vertientes cibern\u00e9tica, qu\u00edmica, biol\u00f3gica, medi\u00e1tica, econ\u00f3mica&#8230;junto a la decretada \u00abguerra global antiterrorista\u00bb a cargo de EU, las agresiones a\u00e9reas con drones y los llamados \u00abgolpes blandos\u00bb de corte neofascistas.<\/p>\n<\/p>\n<p>En este momento la vertiente biol\u00f3gica de la guerra tiene el nombre de COVID 19-Made in USA, un virus de laboratorio, que con cierta l\u00f3gica maltusiana  e intensidad limitada, curiosamente ataca pulmones envejecidos y poblaci\u00f3n con salud diezmada; provocando lo que el neoliberalismo etiquet\u00f3 como \u00abpoblaci\u00f3n sobrante o superflua\u00bb, fomentando un caos inicialmente controlado, que acompa\u00f1ado de depresi\u00f3n econ\u00f3mica procura reordenar la econom\u00eda en general desde los carteles de la econom\u00eda de guerra, ahora m\u00e1s diversificados.<\/p>\n<\/p>\n<p>As\u00ed la Tercera Guerra Mundial se ha tornado muy vol\u00e1til y muy propensa a descontroles, peligrosos hasta para sus desesperados propulsores.<\/p>\n<\/p>\n<p>La agresi\u00f3n a una ciudad China con el nuevo Corona Virus, que en opini\u00f3n de cient\u00edficos rusos en la materia tiene un componente de un 25% del terrible SARS, por su velocidad exponencial de infecci\u00f3n de ese virus y por la inter-conexiones del mundo actual, se ha convertido en una agresi\u00f3n a humanidad de imprevisibles consecuencias en cuanto a tiempo y a impacto destructivo m\u00e1s all\u00e1 de los ya visibles.<\/p>\n<\/p>\n<p>A esa agresi\u00f3n -como a otras anteriores- podr\u00eda sucederle nuevas versiones, tan o m\u00e1s peligrosas, de ese tipo de guerra; ya por lo que implica las acciones desesperadas de un sistema imperial en decadencia, ya por la gravitaci\u00f3n del negocio sin escr\u00fapulos en la manipulaci\u00f3n de las investigaciones cient\u00edficas, o por el af\u00e1n desmedido de da\u00f1ar contrincantes en la pelea por la hegemon\u00eda mundial.<\/p>\n<\/p>\n<p><strong>\u00b7         CAMINO A LA INSURGENCIA GLOBAL.<\/strong><\/p>\n<p><strong> <\/strong><\/p>\n<p> En el marco de los efectos aceleradores de esta crisis de salud y sus consecuencias econ\u00f3micas, sobresale el  desbordamiento de sus precarias posibilidades, el avance de la crisis terminal de los sistemas de salud privatizados y semi-privatizados y el deterioro de otras vertientes de las pol\u00edticas p\u00fablicas y programas sociales afectados por las restructuraciones neoliberales del capitalismo  y el consabido \u00abtodo se vale\u00bb para enriquecer al vapor a la clase dominante-gobernante y a los grupos e individuos asociados a ella.<\/p>\n<\/p>\n<p>As\u00ed las cosas, todo apunta hacia la insurgencia global de los pueblos, mientras la atm\u00f3sfera continental luce cargada de hermosos levantamientos populares, especialmente juveniles.<\/p>\n<\/p>\n<p>Aqu\u00ed estamos viviendo y sufriendo ese fen\u00f3meno con cara de tragedia social y humana, en un terreno f\u00e9rtil para su expansi\u00f3n, abonado por los jefes y due\u00f1os del gran capital privado y de la partidocracia saqueadora, que hoy llaman a la \u00abUNIDAD NACIONAL\u00bb para ocultar sus imperdonables culpas; al tiempo que cargan sobre el pueblo empobrecido el peso brutal del agravamiento de la crisis integral y hacen clientelismo pol\u00edticos-electoral con el dolor social y las abrumantes necesidades de los\/as excluidos del poder y la fortuna.<\/p>\n<\/p>\n<p>Son validas, por tanto, todas las exigencias inmediatas  para contrarrestar esos designios, y las estamos formulando con precisi\u00f3n.<\/p>\n<\/p>\n<p>Pero a la vez es necesario ? como ha propuesto la izquierda insumisa- \u00abir m\u00e1s all\u00e1 de lo estrictamente coyuntural  para debatir colectivamente la manera de  superar las bases estructurales de esta crisis de decadencia del sistema pol\u00edtico y del modelo neoliberal  impuesto durante las \u00faltimas cuatro d\u00e9cadas; ambos sustentados en un capitalismo gansterizado, cr\u00f3nicamente deshumanizado.\u00bb<\/p>\n<\/p>\n<p>Y no confiemos en los dominadores. Porque ellos, hasta no ser derrotados, seguir\u00e1n clav\u00e1ndonos sus garras y chup\u00e1ndonos la sangre. Lo \u00fanico definitivamente v\u00e1lido es auto-organizarnos,  auto-defendernos, auto-protegernos y auto-educarnos para voltear la tortilla: \u00a1abajo lo de arriba y arriba lo de abajo! ( PORTAL: z101digital.com<\/p>\n<\/p>\n<h6> 2020-03-26 02:55:34 <\/h6>\n<p><!--\n<link rel=\"stylesheet\" href=\"css\/bootstrap.min.css\">\n\n\n<ul class=\"pagination\">\n\t    \n\t\n\n<li >\n\t<a href='?page_no=252'>Previous<\/a>\n\t<\/li>\n\n\n       \n    \n\n<li><a href='?page_no=1'>1<\/a><\/li>\n\n\n\n<li><a href='?page_no=2'>2<\/a><\/li>\n\n\n\n<li><a>...<\/a><\/li>\n\n\n\n<li><a href='?page_no=251'>251<\/a><\/li>\n\n\n\n<li><a href='?page_no=252'>252<\/a><\/li>\n\n\n\n<li class='active'><a>253<\/a><\/li>\n\n\n\n<li><a href='?page_no=254'>254<\/a><\/li>\n\n\n\n<li><a href='?page_no=255'>255<\/a><\/li>\n\n\n\n<li><a>...<\/a><\/li>\n\n\n\n<li><a href='?page_no=13611'>13611<\/a><\/li>\n\n\n\n<li><a href='?page_no=13612'>13612<\/a><\/li>\n\n    \n\t\n\n<li >\n\t<a href='?page_no=254'>Next<\/a>\n\t<\/li>\n\n\n    \n\n<li><a href='?page_no=13612'>Last &rsaquo;&rsaquo;<\/a><\/li>\n\n<\/ul>\n\n\n--><br \/>\n<\/body><\/p>\n","protected":false},"excerpt":{"rendered":"<p>COVID 19, CRISIS CAPITALISTA Y TERCERA GUERRA MUNDIAL Por Narciso Isa Conde. En homenaje al pensador argentino y querido camarada Jorge Beinstein, estudioso del capitalismo y sus crisis, luchador en pro del COMUNISMO DEL SIGLO XXI Estas ideas no son solo m\u00edas, sino de la izquierda consecuente de este pa\u00eds y del mundo, de la [&hellip;]<\/p>\n","protected":false},"author":3,"featured_media":0,"comment_status":"open","ping_status":"open","sticky":false,"template":"","format":"standard","meta":{"footnotes":""},"categories":[16],"tags":[],"class_list":["post-39193","post","type-post","status-publish","format-standard","hentry","category-opiniones"],"_links":{"self":[{"href":"https:\/\/diariodominicano.com\/index.php?rest_route=\/wp\/v2\/posts\/39193","targetHints":{"allow":["GET"]}}],"collection":[{"href":"https:\/\/diariodominicano.com\/index.php?rest_route=\/wp\/v2\/posts"}],"about":[{"href":"https:\/\/diariodominicano.com\/index.php?rest_route=\/wp\/v2\/types\/post"}],"author":[{"embeddable":true,"href":"https:\/\/diariodominicano.com\/index.php?rest_route=\/wp\/v2\/users\/3"}],"replies":[{"embeddable":true,"href":"https:\/\/diariodominicano.com\/index.php?rest_route=%2Fwp%2Fv2%2Fcomments&post=39193"}],"version-history":[{"count":0,"href":"https:\/\/diariodominicano.com\/index.php?rest_route=\/wp\/v2\/posts\/39193\/revisions"}],"wp:attachment":[{"href":"https:\/\/diariodominicano.com\/index.php?rest_route=%2Fwp%2Fv2%2Fmedia&parent=39193"}],"wp:term":[{"taxonomy":"category","embeddable":true,"href":"https:\/\/diariodominicano.com\/index.php?rest_route=%2Fwp%2Fv2%2Fcategories&post=39193"},{"taxonomy":"post_tag","embeddable":true,"href":"https:\/\/diariodominicano.com\/index.php?rest_route=%2Fwp%2Fv2%2Ftags&post=39193"}],"curies":[{"name":"wp","href":"https:\/\/api.w.org\/{rel}","templated":true}]}}