{"id":39182,"date":"2020-03-27T11:18:45","date_gmt":"2020-03-27T11:18:45","guid":{"rendered":"http:\/\/diariodominicano.ddns.net\/?p=39182"},"modified":"2020-03-27T11:18:45","modified_gmt":"2020-03-27T11:18:45","slug":"cruzando-la-crisis","status":"publish","type":"post","link":"https:\/\/diariodominicano.com\/?p=39182","title":{"rendered":"Cruzando la crisis"},"content":{"rendered":"<p><body><\/p>\n<p>A Pleno Sol<\/p>\n<\/p>\n<p>Cruzando la crisis<\/p>\n<\/p>\n<p>Por Manuel Hern\u00e1ndez Villeta<\/p>\n<\/p>\n<\/p>\n<p>Hay que congelar los precios de los comestibles. En medio de la crisis de salud, hay que garantizar la distribuci\u00f3n  de los comestibles, y que sus precios se presenten estables. En situaci\u00f3n normal el valor de los productos est\u00e1n a la oferta y la demanda. Ahora hay que eliminar esa norma.<\/p>\n<\/p>\n<p>Los aumentos se dan en los colmados y centros de suministros instalados en  sectores  populares o residenciales. Otra cosa son los supermercados que siempre mantienen sus precios y la red de abastecimiento.<\/p>\n<\/p>\n<p>La vigilancia de los colmados es hoy m\u00e1s necesaria que nunca. El mensaje constante a los ciudadanos es que no salgan de sus casas. Bien, por esta raz\u00f3n nuevos clientes est\u00e1n visitando los colmados. El supermercado nunca queda al doblar de la esquina, pero la pulper\u00eda est\u00e1 a tiro de voz.<\/p>\n<\/p>\n<p>Adem\u00e1s le llevan el art\u00edculo a su casa y no tiene que salir. Pero hay que vigilar que se mantengan los precios reducidos. En esta crisis sanitaria y econ\u00f3mica no se puede tratar de sacar beneficios a como d\u00e9 lugar.<\/p>\n<\/p>\n<p>Con la nueva faceta del toque de queda, los supermercados van a trabajar unas dos horas menos. Si se mantiene la programaci\u00f3n que estaban desarrollando, es seguro que no habr\u00e1 mayores inconvenientes en las filas y el orden.<\/p>\n<\/p>\n<p>El control de la venta de alimentos, racionando el producto, es necesario, sino habr\u00e1 las compras desiguales y el acaparamiento  y muchos tendr\u00e1n problemas para conseguir sus alimentos.<\/p>\n<\/p>\n<p>Un tema importante en el cual hasta ahora las autoridades no han actuado, es en el pago del servicio energ\u00e9tico. Desde el d\u00eda primero se comienzan a enviar las tarifas por la energ\u00eda. Todo el mundo sabe que si no paga en la fecha fija, hay un corte.<\/p>\n<\/p>\n<p>Los ciudadanos que vayan a una oficina de una compa\u00f1\u00eda energ\u00e9tica a pagar el consumo mensual van a correr un gran riesgo. Hay miles que no pueden ir a un banco, o no est\u00e1n en capacidad de hacer transferencia bancaria. Hay que plantear una alternativa.<\/p>\n<\/p>\n<p>Lo ideal es ampliar la fecha de pago. Que no se exonere el compromiso de los consumidores, sino que se le d\u00e9 una gracia en la fecha de pago, a ver si llega un momento en que puedan salir a pagar.<\/p>\n<\/p>\n<p>Se le pide a los ciudadanos que se queden en sus casas, pero tambi\u00e9n hay que comprender que si no se agiliza el pago de los servicios, agua, luz, tele-cable, tel\u00e9fonos y otros, entonces las personas deber\u00e1n salir de sus residencias a cubrir con esas obligaciones.<\/p>\n<\/p>\n<p>El temor es que en medio de una cuarentena, se comience a cortar el servicio energ\u00e9tico y de comunicaciones, cuando las personas se encuentran en sus hogares necesitando diversiones, adem\u00e1s de que tienen alimentos que necesitan refrigeraci\u00f3n.<\/p>\n<\/p>\n<p>Los sacrificios tienen que ser de todos. Hay que quedarse en las casas, pero hay que buscar salidas al vencimiento de cumplimientos con los servicios del hogar. Hay que salir adelante, en este momento de desgracia colectiva. \u00a1Ay!, se me acab\u00f3 la tinta.<\/p>\n<\/p>\n<h6> 2020-03-27 11:18:45 <\/h6>\n<p><!--\n<link rel=\"stylesheet\" href=\"css\/bootstrap.min.css\">\n\n\n<ul class=\"pagination\">\n\t    \n\t\n\n<li >\n\t<a href='?page_no=251'>Previous<\/a>\n\t<\/li>\n\n\n       \n    \n\n<li><a href='?page_no=1'>1<\/a><\/li>\n\n\n\n<li><a href='?page_no=2'>2<\/a><\/li>\n\n\n\n<li><a>...<\/a><\/li>\n\n\n\n<li><a href='?page_no=250'>250<\/a><\/li>\n\n\n\n<li><a href='?page_no=251'>251<\/a><\/li>\n\n\n\n<li class='active'><a>252<\/a><\/li>\n\n\n\n<li><a href='?page_no=253'>253<\/a><\/li>\n\n\n\n<li><a href='?page_no=254'>254<\/a><\/li>\n\n\n\n<li><a>...<\/a><\/li>\n\n\n\n<li><a href='?page_no=13611'>13611<\/a><\/li>\n\n\n\n<li><a href='?page_no=13612'>13612<\/a><\/li>\n\n    \n\t\n\n<li >\n\t<a href='?page_no=253'>Next<\/a>\n\t<\/li>\n\n\n    \n\n<li><a href='?page_no=13612'>Last &rsaquo;&rsaquo;<\/a><\/li>\n\n<\/ul>\n\n\n--><br \/>\n<\/body><\/p>\n","protected":false},"excerpt":{"rendered":"<p>A Pleno Sol Cruzando la crisis Por Manuel Hern\u00e1ndez Villeta Hay que congelar los precios de los comestibles. En medio de la crisis de salud, hay que garantizar la distribuci\u00f3n de los comestibles, y que sus precios se presenten estables. En situaci\u00f3n normal el valor de los productos est\u00e1n a la oferta y la demanda. [&hellip;]<\/p>\n","protected":false},"author":3,"featured_media":0,"comment_status":"open","ping_status":"open","sticky":false,"template":"","format":"standard","meta":{"footnotes":""},"categories":[16],"tags":[],"class_list":["post-39182","post","type-post","status-publish","format-standard","hentry","category-opiniones"],"_links":{"self":[{"href":"https:\/\/diariodominicano.com\/index.php?rest_route=\/wp\/v2\/posts\/39182","targetHints":{"allow":["GET"]}}],"collection":[{"href":"https:\/\/diariodominicano.com\/index.php?rest_route=\/wp\/v2\/posts"}],"about":[{"href":"https:\/\/diariodominicano.com\/index.php?rest_route=\/wp\/v2\/types\/post"}],"author":[{"embeddable":true,"href":"https:\/\/diariodominicano.com\/index.php?rest_route=\/wp\/v2\/users\/3"}],"replies":[{"embeddable":true,"href":"https:\/\/diariodominicano.com\/index.php?rest_route=%2Fwp%2Fv2%2Fcomments&post=39182"}],"version-history":[{"count":0,"href":"https:\/\/diariodominicano.com\/index.php?rest_route=\/wp\/v2\/posts\/39182\/revisions"}],"wp:attachment":[{"href":"https:\/\/diariodominicano.com\/index.php?rest_route=%2Fwp%2Fv2%2Fmedia&parent=39182"}],"wp:term":[{"taxonomy":"category","embeddable":true,"href":"https:\/\/diariodominicano.com\/index.php?rest_route=%2Fwp%2Fv2%2Fcategories&post=39182"},{"taxonomy":"post_tag","embeddable":true,"href":"https:\/\/diariodominicano.com\/index.php?rest_route=%2Fwp%2Fv2%2Ftags&post=39182"}],"curies":[{"name":"wp","href":"https:\/\/api.w.org\/{rel}","templated":true}]}}