{"id":391652,"date":"2022-10-22T20:56:17","date_gmt":"2022-10-23T00:56:17","guid":{"rendered":"http:\/\/diariodominicano.com\/?p=391652"},"modified":"2022-10-22T20:56:17","modified_gmt":"2022-10-23T00:56:17","slug":"venezuela-evocacion-a-chavez-y-propuesta-de-transformacion-comunal-fotos","status":"publish","type":"post","link":"https:\/\/diariodominicano.com\/?p=391652","title":{"rendered":"Venezuela: evocaci\u00f3n a Ch\u00e1vez y propuesta de transformaci\u00f3n comunal (+Fotos)"},"content":{"rendered":"\n<p>Caracas, 22 oct (Prensa Latina) La evocaci\u00f3n a Hugo Ch\u00e1vez en el d\u00e9cimo aniversario de su discurso conocido como Golpe de Tim\u00f3n, y el llamado del presidente Nicol\u00e1s Maduro de revisar y perfeccionar el Poder popular, destacaron la semana que concluye hoy.&nbsp;&nbsp;&nbsp;&nbsp;<\/p>\n\n\n\n<ul class=\"wp-block-list\"><li>octubre 22, 2022<\/li><li>CDT10:49 (GMT) -0400<\/li><\/ul>\n\n\n\n<p>El recuerdo permanente del l\u00edder bolivariano cobr\u00f3 vigencia con la conmemoraci\u00f3n de aquella intervenci\u00f3n del 20 de octubre de 2012 en el Consejo de Ministros, en la que el comandante de manera autocr\u00edtica reconoci\u00f3 que no se hab\u00eda avanzado lo suficiente en el impulso de los Consejos Comunales.<\/p>\n\n\n\n<figure class=\"wp-block-image\"><img decoding=\"async\" src=\"https:\/\/www.prensa-latina.cu\/wp-content\/uploads\/2022\/10\/VenezuelaChavez2.jpg\" alt=\"\" class=\"wp-image-345150\"\/><\/figure>\n\n\n\n<p>Ch\u00e1vez llam\u00f3 a una mayor integraci\u00f3n y centralidad en el Poder Popular, a fomentar el Estado social de derecho y de justicia, fortalecer el Poder Comunal, multiplicar la eficiencia y consolidar el Sistema Nacional de Medios P\u00fablicos.<\/p>\n\n\n\n<p>La validez de su pensamiento motiv\u00f3 reacciones de todo tipo en los medios de prensa, redes sociales, autoridades e instituciones, como la Asamblea Nacional que decret\u00f3 el 20 de octubre como D\u00eda Nacional de la Comunas, en homenaje al impulsor principal de este programa social.<\/p>\n\n\n\n<figure class=\"wp-block-image\"><img decoding=\"async\" src=\"https:\/\/www.prensa-latina.cu\/wp-content\/uploads\/2022\/10\/VenezuelaChavez3-1.jpg\" alt=\"\" class=\"wp-image-345152\"\/><\/figure>\n\n\n\n<p>\u201c\u00a1Prepar\u00e9monos todas y todos! Consejos Comunales, Comunas y el Poder Popular del pa\u00eds, para avanzar hacia la nueva \u00e9poca de transici\u00f3n al Socialismo, las 3R.NETS (Resistencia, Renacimiento, Revolucionar) 2030\u201d, escribi\u00f3 el presidente Nicol\u00e1s Maduro en su cuenta en Twitter.<\/p>\n\n\n\n<p>En una jornada de trabajo desde la Comuna El Maizal, en el estado de Lara, en el occidente del pa\u00eds, fundada por iniciativa de Ch\u00e1vez, Maduro afirm\u00f3 que lleg\u00f3 el momento de una revisi\u00f3n y perfeccionamiento de todas las leyes del Poder Popular, del Poder Comunal.<\/p>\n\n\n\n<p>El jefe de Estado convoc\u00f3 a un gran debate nacional sobre el tema, al considerar que una d\u00e9cada despu\u00e9s el pa\u00eds est\u00e1 en condiciones de \u201ccerrar un nuevo ciclo\u201d de expansi\u00f3n, trabajo, resistencia, organizaci\u00f3n, de guerra econ\u00f3mica e intento de invasi\u00f3n.<\/p>\n\n\n\n<p>Es hora de ir \u201ca una nueva etapa, una nueva \u00e9poca de transici\u00f3n al socialismo, rumbo al 2030 o m\u00e1s\u201d, apunt\u00f3.<\/p>\n\n\n\n<p>Lleg\u00f3 el momento de hacer \u201cuna revisi\u00f3n integral profunda, impactante y transformadora\u201d de todas la leyes del Poder Popular en la Asamblea Nacional y encarg\u00f3 de la tarea al ministro del Poder Popular para las Comunas y Movimientos Sociales, Jorge Arreaza.<\/p>\n\n\n\n<p>El mandatario convoc\u00f3 a una mesa nacional para la revisi\u00f3n de todas las pol\u00edticas p\u00fablicas desde el Gobierno Nacional, regional y municipal hacia las comunas para \u201crevolucionar todo y cambiar todo lo que deba ser cambiado\u201d, manifest\u00f3.<\/p>\n\n\n\n<p>Maduro se\u00f1al\u00f3 que el eje del socialismo bolivariano fundado por Ch\u00e1vez es el socialismo territorial y el socialismo comunero para producir alimentos, artesan\u00edas, bienes y servicios para satisfacer las necesidades de las comunidades y \u00e1reas aleda\u00f1as.<\/p>\n\n\n\n<p>Destac\u00f3 que el aporte de mayor impacto del comandante bolivariano \u201ces la propuesta del socialismo territorial, al cual nos debemos todos\u201d.<\/p>\n\n\n\n<p>\u201c\u00a1Comuna o Nada! Nuestro Comandante Ch\u00e1vez nos gu\u00eda en este camino\u201d, remarc\u00f3 en la red social Twitter.<\/p>\n\n\n\n<p>mv\/jcd<\/p>\n","protected":false},"excerpt":{"rendered":"<p>Caracas, 22 oct (Prensa Latina) La evocaci\u00f3n a Hugo Ch\u00e1vez en el d\u00e9cimo aniversario de su discurso conocido como Golpe de Tim\u00f3n, y el llamado del presidente Nicol\u00e1s Maduro de revisar y perfeccionar el Poder popular, destacaron la semana que concluye hoy.&nbsp;&nbsp;&nbsp;&nbsp; octubre 22, 2022 CDT10:49 (GMT) -0400 El recuerdo permanente del l\u00edder bolivariano cobr\u00f3 [&hellip;]<\/p>\n","protected":false},"author":28,"featured_media":391653,"comment_status":"closed","ping_status":"","sticky":false,"template":"","format":"standard","meta":{"footnotes":""},"categories":[26,23],"tags":[],"class_list":["post-391652","post","type-post","status-publish","format-standard","has-post-thumbnail","hentry","category-efemerides","category-internacional"],"_links":{"self":[{"href":"https:\/\/diariodominicano.com\/index.php?rest_route=\/wp\/v2\/posts\/391652","targetHints":{"allow":["GET"]}}],"collection":[{"href":"https:\/\/diariodominicano.com\/index.php?rest_route=\/wp\/v2\/posts"}],"about":[{"href":"https:\/\/diariodominicano.com\/index.php?rest_route=\/wp\/v2\/types\/post"}],"author":[{"embeddable":true,"href":"https:\/\/diariodominicano.com\/index.php?rest_route=\/wp\/v2\/users\/28"}],"replies":[{"embeddable":true,"href":"https:\/\/diariodominicano.com\/index.php?rest_route=%2Fwp%2Fv2%2Fcomments&post=391652"}],"version-history":[{"count":1,"href":"https:\/\/diariodominicano.com\/index.php?rest_route=\/wp\/v2\/posts\/391652\/revisions"}],"predecessor-version":[{"id":391654,"href":"https:\/\/diariodominicano.com\/index.php?rest_route=\/wp\/v2\/posts\/391652\/revisions\/391654"}],"wp:featuredmedia":[{"embeddable":true,"href":"https:\/\/diariodominicano.com\/index.php?rest_route=\/wp\/v2\/media\/391653"}],"wp:attachment":[{"href":"https:\/\/diariodominicano.com\/index.php?rest_route=%2Fwp%2Fv2%2Fmedia&parent=391652"}],"wp:term":[{"taxonomy":"category","embeddable":true,"href":"https:\/\/diariodominicano.com\/index.php?rest_route=%2Fwp%2Fv2%2Fcategories&post=391652"},{"taxonomy":"post_tag","embeddable":true,"href":"https:\/\/diariodominicano.com\/index.php?rest_route=%2Fwp%2Fv2%2Ftags&post=391652"}],"curies":[{"name":"wp","href":"https:\/\/api.w.org\/{rel}","templated":true}]}}