{"id":39160,"date":"2020-03-30T23:38:55","date_gmt":"2020-03-30T23:38:55","guid":{"rendered":"http:\/\/diariodominicano.ddns.net\/?p=39160"},"modified":"2020-03-30T23:38:55","modified_gmt":"2020-03-30T23:38:55","slug":"las-crisis-son-oportunidades-solo-requieren-cabeza","status":"publish","type":"post","link":"https:\/\/diariodominicano.com\/?p=39160","title":{"rendered":"Las crisis son oportunidades, solo requieren \u00abcabeza\u00bb"},"content":{"rendered":"<p><body><\/p>\n<p><strong>Las crisis son oportunidades, solo requieren \u00abcabeza\u00bb<\/strong><\/p>\n<p><strong>Franklin Almeyda Rancier <\/strong><\/p>\n<\/p>\n<p>Decirlo parece algo ret\u00f3rico, pero citando a un genio luce posible, as\u00ed que apelo a Albert Einstein cuando dijo: \u00abEn los momentos de crisis, s\u00f3lo la imaginaci\u00f3n es m\u00e1s importante que el conocimiento\u00bb.<\/p>\n<p>Entre los dominicanos tener imaginaci\u00f3n y conocimiento es \u00abtener cabeza\u00bb, y eso hemos logrado en un liderazgo, en Leonel Fern\u00e1ndez. Ah\u00ed est\u00e1n sus propuestas para controlar esta crisis de salud, la cual crea otra econ\u00f3mica y ambas arrastrar\u00e1n la profundizaci\u00f3n de la crisis pol\u00edtica.<\/p>\n<\/p>\n<p>Esta del Covid-19 est\u00e1 produciendo, por necesidad, grandes cambios. El primero, y est\u00e1 a la vista, es imponiendo un mundo digital; no habr\u00e1 quien contradiga que el peligro de contagio ha obligado a muchos a pasar de ser an\u00e1logos a ser digitales, o queda sin relacionarse ni enterarse. La comunicaci\u00f3n personal, las reuniones, las informaciones de prensa, las operaciones comerciales y financieras, las intervenciones en televisi\u00f3n, etc., todo ha pasado a ser virtual, o sea digital.<\/p>\n<\/p>\n<p>Sin ser autores de esta crisis de salud, los \u00abmilemnials y centennials\u00bb han preparado a la poblaci\u00f3n mundial an\u00e1loga para el uso de la revoluci\u00f3n digital. En esta crisis se supera otra crisis, el tr\u00e1nsito de lo an\u00e1logo a lo digital; lo afirm\u00f3 Berthold Brecht, dramaturgo y poeta alem\u00e1n, dijo: \u00abLa crisis se produce cuando lo viejo no acaba de morir y cuando lo nuevo no acaba de nacer\u00bb.<\/p>\n<\/p>\n<p>De hecho la crisis de salud ha provocado grandes oportunidades. En primer lugar, ese tr\u00e1nsito hacia el proceso revolucionario digital, la cual es s\u00f3lo comparable con la revoluci\u00f3n industrial del siglo XVII, cuando se incorpor\u00f3 el carb\u00f3n y el vapor para producir exponencialmente para el mercado mundial e impulsar el nuevo r\u00e9gimen o sistema capitalista.<\/p>\n<\/p>\n<p>El segundo gran cambio que provoca esta crisis es hacerle entender a los due\u00f1os del capital que el mercado mundial colapsa sin salud; una poblaci\u00f3n que no tiene garantizada la salud, por haber convertido ese derecho fundamental en un negocio, constituye un gran riesgo para el mercado mundial.<\/p>\n<\/p>\n<p>Lo tercero es que el liderazgo mundial girar\u00e1. Trump en su dilema de mercado vs salud, eligi\u00f3 dejar activo el mercado y ha provocado el m\u00e1s alto contagio en un pa\u00eds en el mundo; desde la semana pasada a la fecha hay m\u00e1s de 100 mil contagiados; m\u00e1s que en China, Italia y Espa\u00f1a. Crear el efecto colmena, dejando correr el virus para inmunizar, es fallido y s\u00f3lo busca dejar en movimiento los mercados, los cuales colapsan. En Espa\u00f1a el liderazgo ha tenido un problema, tiene el Presidente de Gobierno, pero desde la salida del dictador Francisco Franco, para complacer a los que \u00e9l representaba, se volvi\u00f3 a la monarqu\u00eda y ahora el mando no se sabe, est\u00e1 diluido.<\/p>\n<\/p>\n<p>China control\u00f3 la crisis y no tengo m\u00e1s que recordar que es lo m\u00e1s parecido a una \u00abDictadura con Respaldo Popular\u00bb, propuesta por Juan Bosch en 1969.<\/p>\n<\/p>\n<p>En nuestro pa\u00eds ha habido otra experiencia. Las propuestas han sido hechas por una persona con \u00abcabeza\u00bb, desde la oposici\u00f3n, por su destreza, iniciativas, creatividad, conocimientos, confianza y credibilidad en la poblaci\u00f3n.<\/p>\n<\/p>\n<p>Lo cuarto es que antes del t\u00e9rmino de esta pandemia, y ya empez\u00f3, habr\u00e1 una recesi\u00f3n econ\u00f3mica mundial, acompa\u00f1ada de una inflaci\u00f3n que crear\u00e1 un nuevo orden. Para eso tambi\u00e9n se requiere la misma \u00abcabeza\u00bb, Leonel Fern\u00e1ndez.<\/p>\n<h6> 2020-03-30 23:38:55 <\/h6>\n<p><!--\n<link rel=\"stylesheet\" href=\"css\/bootstrap.min.css\">\n\n\n<ul class=\"pagination\">\n\t    \n\t\n\n<li >\n\t<a href='?page_no=249'>Previous<\/a>\n\t<\/li>\n\n\n       \n    \n\n<li><a href='?page_no=1'>1<\/a><\/li>\n\n\n\n<li><a href='?page_no=2'>2<\/a><\/li>\n\n\n\n<li><a>...<\/a><\/li>\n\n\n\n<li><a href='?page_no=248'>248<\/a><\/li>\n\n\n\n<li><a href='?page_no=249'>249<\/a><\/li>\n\n\n\n<li class='active'><a>250<\/a><\/li>\n\n\n\n<li><a href='?page_no=251'>251<\/a><\/li>\n\n\n\n<li><a href='?page_no=252'>252<\/a><\/li>\n\n\n\n<li><a>...<\/a><\/li>\n\n\n\n<li><a href='?page_no=13611'>13611<\/a><\/li>\n\n\n\n<li><a href='?page_no=13612'>13612<\/a><\/li>\n\n    \n\t\n\n<li >\n\t<a href='?page_no=251'>Next<\/a>\n\t<\/li>\n\n\n    \n\n<li><a href='?page_no=13612'>Last &rsaquo;&rsaquo;<\/a><\/li>\n\n<\/ul>\n\n\n--><br \/>\n<\/body><\/p>\n","protected":false},"excerpt":{"rendered":"<p>Las crisis son oportunidades, solo requieren \u00abcabeza\u00bb Franklin Almeyda Rancier Decirlo parece algo ret\u00f3rico, pero citando a un genio luce posible, as\u00ed que apelo a Albert Einstein cuando dijo: \u00abEn los momentos de crisis, s\u00f3lo la imaginaci\u00f3n es m\u00e1s importante que el conocimiento\u00bb. Entre los dominicanos tener imaginaci\u00f3n y conocimiento es \u00abtener cabeza\u00bb, y eso [&hellip;]<\/p>\n","protected":false},"author":3,"featured_media":0,"comment_status":"open","ping_status":"open","sticky":false,"template":"","format":"standard","meta":{"footnotes":""},"categories":[16],"tags":[],"class_list":["post-39160","post","type-post","status-publish","format-standard","hentry","category-opiniones"],"_links":{"self":[{"href":"https:\/\/diariodominicano.com\/index.php?rest_route=\/wp\/v2\/posts\/39160","targetHints":{"allow":["GET"]}}],"collection":[{"href":"https:\/\/diariodominicano.com\/index.php?rest_route=\/wp\/v2\/posts"}],"about":[{"href":"https:\/\/diariodominicano.com\/index.php?rest_route=\/wp\/v2\/types\/post"}],"author":[{"embeddable":true,"href":"https:\/\/diariodominicano.com\/index.php?rest_route=\/wp\/v2\/users\/3"}],"replies":[{"embeddable":true,"href":"https:\/\/diariodominicano.com\/index.php?rest_route=%2Fwp%2Fv2%2Fcomments&post=39160"}],"version-history":[{"count":0,"href":"https:\/\/diariodominicano.com\/index.php?rest_route=\/wp\/v2\/posts\/39160\/revisions"}],"wp:attachment":[{"href":"https:\/\/diariodominicano.com\/index.php?rest_route=%2Fwp%2Fv2%2Fmedia&parent=39160"}],"wp:term":[{"taxonomy":"category","embeddable":true,"href":"https:\/\/diariodominicano.com\/index.php?rest_route=%2Fwp%2Fv2%2Fcategories&post=39160"},{"taxonomy":"post_tag","embeddable":true,"href":"https:\/\/diariodominicano.com\/index.php?rest_route=%2Fwp%2Fv2%2Ftags&post=39160"}],"curies":[{"name":"wp","href":"https:\/\/api.w.org\/{rel}","templated":true}]}}