{"id":391493,"date":"2022-10-21T23:37:38","date_gmt":"2022-10-22T03:37:38","guid":{"rendered":"http:\/\/diariodominicano.com\/?p=391493"},"modified":"2022-10-21T23:37:38","modified_gmt":"2022-10-22T03:37:38","slug":"fallece-el-procer-marcos-adon","status":"publish","type":"post","link":"https:\/\/diariodominicano.com\/?p=391493","title":{"rendered":"Fallece el pr\u00f3cer Marcos Ad\u00f3n"},"content":{"rendered":"\n<p>Por HTN<\/p>\n\n\n\n<p>Diariodominicano.com<\/p>\n\n\n\n<p>Jacmel, Hait\u00ed, el 22 de octubre de 1872, falleci\u00f3 en Jacmel, Hait\u00ed, el ex General dominicano de la Guerra de la Restauraci\u00f3n, Marcos Evangelista Ad\u00f3n.<\/p>\n\n\n\n<p>&nbsp;&nbsp;&nbsp; Naci\u00f3 en La Victoria. &nbsp;Durante la Guerra de la Restauraci\u00f3n luch\u00f3 contra el Ej\u00e9rcito Anexionista en la zona de Yamas\u00e1, Monte Plata y La Victoria.<\/p>\n\n\n\n<p>&nbsp;&nbsp;&nbsp; En el a\u00f1o 1867, &nbsp;Marcos Ad\u00f3n fue Comandante de Armas de la Plaza de Santo Domingo.<\/p>\n\n\n\n<p>&nbsp;&nbsp;&nbsp; Fue un adversario del Presidente Buenaventura B\u00e1ez, y un colaborador del general Gregorio Luper\u00f3n.<\/p>\n\n\n\n<p>\u00a0\u00a0 Se retir\u00f3 a Jacmel, Hait\u00ed, enfermo, luego de tomar la decisi\u00f3n de retirarse de las actividades militares.<\/p>\n\n\n\n<p><\/p>\n","protected":false},"excerpt":{"rendered":"<p>Por HTN Diariodominicano.com Jacmel, Hait\u00ed, el 22 de octubre de 1872, falleci\u00f3 en Jacmel, Hait\u00ed, el ex General dominicano de la Guerra de la Restauraci\u00f3n, Marcos Evangelista Ad\u00f3n. &nbsp;&nbsp;&nbsp; Naci\u00f3 en La Victoria. &nbsp;Durante la Guerra de la Restauraci\u00f3n luch\u00f3 contra el Ej\u00e9rcito Anexionista en la zona de Yamas\u00e1, Monte Plata y La Victoria. &nbsp;&nbsp;&nbsp; [&hellip;]<\/p>\n","protected":false},"author":28,"featured_media":391494,"comment_status":"closed","ping_status":"","sticky":true,"template":"","format":"standard","meta":{"footnotes":""},"categories":[26,27],"tags":[],"class_list":["post-391493","post","type-post","status-publish","format-standard","has-post-thumbnail","hentry","category-efemerides","category-portada"],"_links":{"self":[{"href":"https:\/\/diariodominicano.com\/index.php?rest_route=\/wp\/v2\/posts\/391493","targetHints":{"allow":["GET"]}}],"collection":[{"href":"https:\/\/diariodominicano.com\/index.php?rest_route=\/wp\/v2\/posts"}],"about":[{"href":"https:\/\/diariodominicano.com\/index.php?rest_route=\/wp\/v2\/types\/post"}],"author":[{"embeddable":true,"href":"https:\/\/diariodominicano.com\/index.php?rest_route=\/wp\/v2\/users\/28"}],"replies":[{"embeddable":true,"href":"https:\/\/diariodominicano.com\/index.php?rest_route=%2Fwp%2Fv2%2Fcomments&post=391493"}],"version-history":[{"count":1,"href":"https:\/\/diariodominicano.com\/index.php?rest_route=\/wp\/v2\/posts\/391493\/revisions"}],"predecessor-version":[{"id":391495,"href":"https:\/\/diariodominicano.com\/index.php?rest_route=\/wp\/v2\/posts\/391493\/revisions\/391495"}],"wp:featuredmedia":[{"embeddable":true,"href":"https:\/\/diariodominicano.com\/index.php?rest_route=\/wp\/v2\/media\/391494"}],"wp:attachment":[{"href":"https:\/\/diariodominicano.com\/index.php?rest_route=%2Fwp%2Fv2%2Fmedia&parent=391493"}],"wp:term":[{"taxonomy":"category","embeddable":true,"href":"https:\/\/diariodominicano.com\/index.php?rest_route=%2Fwp%2Fv2%2Fcategories&post=391493"},{"taxonomy":"post_tag","embeddable":true,"href":"https:\/\/diariodominicano.com\/index.php?rest_route=%2Fwp%2Fv2%2Ftags&post=391493"}],"curies":[{"name":"wp","href":"https:\/\/api.w.org\/{rel}","templated":true}]}}