{"id":39137,"date":"2020-04-01T02:29:27","date_gmt":"2020-04-01T02:29:27","guid":{"rendered":"http:\/\/diariodominicano.ddns.net\/?p=39137"},"modified":"2020-04-01T02:29:27","modified_gmt":"2020-04-01T02:29:27","slug":"la-reconstruccion-nacional","status":"publish","type":"post","link":"https:\/\/diariodominicano.com\/?p=39137","title":{"rendered":"&#13;La reconstrucci\u00f3n nacional"},"content":{"rendered":"<p><body><\/p>\n<p>A Pleno Sol<\/p>\n<\/p>\n<p>La reconstrucci\u00f3n nacional<\/p>\n<\/p>\n<p>Por Manuel Hern\u00e1ndez Villeta<\/p>\n<\/p>\n<\/p>\n<p>Es necesario conformar una comisi\u00f3n de reconstrucci\u00f3n del pa\u00eds. Que vaya trabajando desde ahora en una etapa de planificaci\u00f3n, para tener soluciones a mano cuando se controle el coronavirus.<\/p>\n<\/p>\n<p>La producci\u00f3n econ\u00f3mica se ha ca\u00eddo y hay que levantarla. Las grandes empresas que est\u00e1n cerradas y con sus empleados en casa, no se rehabilitaran porque un d\u00eda lleg\u00f3 el momento de reabrir.<\/p>\n<\/p>\n<p>Ahora mimo solo est\u00e1n despachando  de forma masiva los supermercados, las farmacias y los colmados. Est\u00e1n cumpliendo con una tarea tit\u00e1nica de alimentar a la poblaci\u00f3n. A pesar de la avalancha de compradores, no se ha ca\u00eddo en un desabastecimiento total.<\/p>\n<\/p>\n<p>Una comisi\u00f3n de reconstrucci\u00f3n se encargar\u00eda de estudiar las necesidades a futuro y como el pa\u00eds se podr\u00eda colocar de nuevo en su camino tradicional. Lo primero es el sector tur\u00edstico, totalmente ca\u00eddo con la llegada de la versi\u00f3n local del coronavirus.<\/p>\n<\/p>\n<p>El turismo no se va a poner en pie frotando una l\u00e1mpara de Aladino, sino con un gran esfuerzo, y sobre todo ofreciendo seguridades a los visitantes. Eso llevar\u00e1 tiempo. Una reorganizaci\u00f3n que debe comenzar a planificarse desde ahora.<\/p>\n<\/p>\n<p>El comercio est\u00e1 cerrado y para que funcione de nuevo, hay que darle impulso a futuro. Con las escuelas hay que partir de la realidad de que este a\u00f1o escolar se perdi\u00f3. Se est\u00e1 llevando a cabo una variedad de recibir la educaci\u00f3n v\u00eda internet, pero ello no garantiza el desarrollo de un verdadero a\u00f1o escolar.<\/p>\n<\/p>\n<p>Ya hay que ir pensado en realidades. Este a\u00f1o escolar est\u00e1 suspendido y a duras penas si se impartir\u00e1n algunas materias. Hay que ir preparando el pr\u00f3ximo a\u00f1o lectivo y tratar de mantener la conexi\u00f3n actual  con los estudiantes, para que no abandonen las aulas.<\/p>\n<\/p>\n<p>Lo primordial ahora es la lucha contra el coronavirus, pero hay que tener a la comisi\u00f3n de retaguardia. A ella le corresponder\u00e1 llevar  a cabo una tarea de reconstrucci\u00f3n nacional. El pa\u00eds va cambiar, y nada ser\u00e1 igual cuando esto termine.<\/p>\n<\/p>\n<p>Vienen unas elecciones nacionales, donde se escoger\u00e1 al pr\u00f3ximo presidente. Los candidatos presidenciales deben tener su representante en esa comisi\u00f3n. Hay que comenzar a trabajar desde ahora, porque el futuro comienza hoy.<\/p>\n<\/p>\n<p>Una comisi\u00f3n de este tipo no significa que se descuide la lucha contra el coronavirus. Un pu\u00f1ado de planificadores puede trabajar en forma paralela. No podemos pensar que cuando se termine el brote, entonces se comenzar\u00e1 la planificaci\u00f3n y la reconstrucci\u00f3n. El futuro se har\u00e1 realidad, con el paso que demos hoy. \u00a1Ay!, se me acab\u00f3 la tinta.<\/p>\n<\/p>\n<\/p>\n<h6> 2020-04-01 02:29:27 <\/h6>\n<p><!--\n<link rel=\"stylesheet\" href=\"css\/bootstrap.min.css\">\n\n\n<ul class=\"pagination\">\n\t    \n\t\n\n<li >\n\t<a href='?page_no=247'>Previous<\/a>\n\t<\/li>\n\n\n       \n    \n\n<li><a href='?page_no=1'>1<\/a><\/li>\n\n\n\n<li><a href='?page_no=2'>2<\/a><\/li>\n\n\n\n<li><a>...<\/a><\/li>\n\n\n\n<li><a href='?page_no=246'>246<\/a><\/li>\n\n\n\n<li><a href='?page_no=247'>247<\/a><\/li>\n\n\n\n<li class='active'><a>248<\/a><\/li>\n\n\n\n<li><a href='?page_no=249'>249<\/a><\/li>\n\n\n\n<li><a href='?page_no=250'>250<\/a><\/li>\n\n\n\n<li><a>...<\/a><\/li>\n\n\n\n<li><a href='?page_no=13611'>13611<\/a><\/li>\n\n\n\n<li><a href='?page_no=13612'>13612<\/a><\/li>\n\n    \n\t\n\n<li >\n\t<a href='?page_no=249'>Next<\/a>\n\t<\/li>\n\n\n    \n\n<li><a href='?page_no=13612'>Last &rsaquo;&rsaquo;<\/a><\/li>\n\n<\/ul>\n\n\n--><br \/>\n<\/body><\/p>\n","protected":false},"excerpt":{"rendered":"<p>A Pleno Sol La reconstrucci\u00f3n nacional Por Manuel Hern\u00e1ndez Villeta Es necesario conformar una comisi\u00f3n de reconstrucci\u00f3n del pa\u00eds. Que vaya trabajando desde ahora en una etapa de planificaci\u00f3n, para tener soluciones a mano cuando se controle el coronavirus. La producci\u00f3n econ\u00f3mica se ha ca\u00eddo y hay que levantarla. Las grandes empresas que est\u00e1n cerradas [&hellip;]<\/p>\n","protected":false},"author":3,"featured_media":0,"comment_status":"open","ping_status":"open","sticky":false,"template":"","format":"standard","meta":{"footnotes":""},"categories":[16],"tags":[],"class_list":["post-39137","post","type-post","status-publish","format-standard","hentry","category-opiniones"],"_links":{"self":[{"href":"https:\/\/diariodominicano.com\/index.php?rest_route=\/wp\/v2\/posts\/39137","targetHints":{"allow":["GET"]}}],"collection":[{"href":"https:\/\/diariodominicano.com\/index.php?rest_route=\/wp\/v2\/posts"}],"about":[{"href":"https:\/\/diariodominicano.com\/index.php?rest_route=\/wp\/v2\/types\/post"}],"author":[{"embeddable":true,"href":"https:\/\/diariodominicano.com\/index.php?rest_route=\/wp\/v2\/users\/3"}],"replies":[{"embeddable":true,"href":"https:\/\/diariodominicano.com\/index.php?rest_route=%2Fwp%2Fv2%2Fcomments&post=39137"}],"version-history":[{"count":0,"href":"https:\/\/diariodominicano.com\/index.php?rest_route=\/wp\/v2\/posts\/39137\/revisions"}],"wp:attachment":[{"href":"https:\/\/diariodominicano.com\/index.php?rest_route=%2Fwp%2Fv2%2Fmedia&parent=39137"}],"wp:term":[{"taxonomy":"category","embeddable":true,"href":"https:\/\/diariodominicano.com\/index.php?rest_route=%2Fwp%2Fv2%2Fcategories&post=39137"},{"taxonomy":"post_tag","embeddable":true,"href":"https:\/\/diariodominicano.com\/index.php?rest_route=%2Fwp%2Fv2%2Ftags&post=39137"}],"curies":[{"name":"wp","href":"https:\/\/api.w.org\/{rel}","templated":true}]}}