{"id":39126,"date":"2020-04-01T02:31:31","date_gmt":"2020-04-01T02:31:31","guid":{"rendered":"http:\/\/diariodominicano.ddns.net\/?p=39126"},"modified":"2020-04-01T02:31:31","modified_gmt":"2020-04-01T02:31:31","slug":"el-covid-19-y-un-mundo-nuevo","status":"publish","type":"post","link":"https:\/\/diariodominicano.com\/?p=39126","title":{"rendered":"&#13;El COVID-19 y un mundo nuevo"},"content":{"rendered":"<p><body><\/p>\n<p><strong>VISI\u00d3N GLOBAL<\/strong><\/p>\n<p><strong>Por Nelson Encarnaci\u00f3n <\/strong><\/p>\n<p><strong> <\/strong><\/p>\n<p><strong>El COVID-19 y un mundo nuevo<\/strong><\/p>\n<\/p>\n<p>Los de mi generaci\u00f3n?y hablo de todo el que ha vivido en los \u00faltimos 60 a\u00f1os sin importar la edad?compartimos un mundo que la pandemia de coronavirus lo ha convertido en \u00fanico y diferente, un cambio radical de la forma de convivencia y de interacci\u00f3n social. <\/p>\n<\/p>\n<p>Es una pandemia que marcar\u00e1 \u00e9poca, como siglos atr\u00e1s se establecieron  cronol\u00f3gicamente como referentes para identificar cu\u00e1ndo ocurrieron determinados hechos. <\/p>\n<\/p>\n<p>Es as\u00ed como, por ejemplo, se habla del a\u00f1o de la peste como referencia de algo que ocurri\u00f3 en Inglaterra en 1678, o de la fiebre amarilla que asol\u00f3 varios pa\u00edses de Europa, o de la viruela en otras partes del planeta, etc.<\/p>\n<\/p>\n<p>Sin embargo, hablamos de un mundo totalmente distinto el que nos ha tocado vivir, en el cual las distancias no existen y el relacionamiento social es intenso, raz\u00f3n por la cual una enfermedad contagiosa se expande casi sin control. <\/p>\n<\/p>\n<p>Asistimos a algo in\u00e9dito y de un impacto global, contrario a eventos anteriores en los cuales se afect\u00f3 a algunos pa\u00edses de zonas espec\u00edficas, y con determinadas condiciones. <\/p>\n<\/p>\n<p>No es siquiera comparable con eventos generados por el hombre como la II Guerra Mundial, cuyo impacto devastador se reflej\u00f3 b\u00e1sicamente en Europa y algunos pa\u00edses de otras zonas, pero no de car\u00e1cter global aunque su nombre tiene ese significado. <\/p>\n<\/p>\n<p>Personas que ya estaban formadas para durante la conflagraci\u00f3n recuerdan que la vida en la Rep\u00fablica Dominicana transcurr\u00eda dentro de una normalidad llevadera, puesto que nuestra importancia no era ni siquiera relativa. <\/p>\n<\/p>\n<p>Los ataques terroristas del 11 de septiembre en Estados Unidos cambiaron el mundo a partir del establecimiento de formas nuevas de comportamiento, esencialmente con modificaci\u00f3n de aspectos relacionados con los viajes.<\/p>\n<\/p>\n<p>Ahora bien, si usted no viaja fuera de su pa\u00eds ni tiene esas relaciones intensas que le obligan a estar visible, su vida va a discurrir con absoluta normalidad, sin enterarse siquiera de que hay que quitarse zapatos y correas en los aeropuertos, o que no se puede abordar un avi\u00f3n con un corta u\u00f1as encima, mucho menos con un envase de cristal.<\/p>\n<\/p>\n<p>Todo eso afecta a quienes se mueven, no as\u00ed a la inmensa mayor\u00eda de los 7,500 millones de personas que habitan este planeta, quienes se morir\u00e1n sin haber visto un avi\u00f3n por dentro.<\/p>\n<\/p>\n<p>\u00bfPodemos decir lo mismo del COVID-19 y sus efectos? Imposible. Este virus se ha globalizado, trastornando la vida civilizada, llev\u00e1ndola casi a los inicios m\u00e1s remotos en los cuales?conforme est\u00e1 antropol\u00f3gicamente documentado?eso que llamamos relacionamiento social era casi nulo.<\/p>\n<\/p>\n<p>No creo que el mundo estuviera preparado para lidiar con semejante desgracia, no ya en t\u00e9rminos m\u00e9dicos, sino con este desbarajuste social devastador.<\/p>\n<\/p>\n<p>Nelsonencar10@gmail.com<\/p>\n<\/p>\n<\/p>\n<h6> 2020-04-01 02:31:31 <\/h6>\n<p><!--\n<link rel=\"stylesheet\" href=\"css\/bootstrap.min.css\">\n\n\n<ul class=\"pagination\">\n\t    \n\t\n\n<li >\n\t<a href='?page_no=246'>Previous<\/a>\n\t<\/li>\n\n\n       \n    \n\n<li><a href='?page_no=1'>1<\/a><\/li>\n\n\n\n<li><a href='?page_no=2'>2<\/a><\/li>\n\n\n\n<li><a>...<\/a><\/li>\n\n\n\n<li><a href='?page_no=245'>245<\/a><\/li>\n\n\n\n<li><a href='?page_no=246'>246<\/a><\/li>\n\n\n\n<li class='active'><a>247<\/a><\/li>\n\n\n\n<li><a href='?page_no=248'>248<\/a><\/li>\n\n\n\n<li><a href='?page_no=249'>249<\/a><\/li>\n\n\n\n<li><a>...<\/a><\/li>\n\n\n\n<li><a href='?page_no=13611'>13611<\/a><\/li>\n\n\n\n<li><a href='?page_no=13612'>13612<\/a><\/li>\n\n    \n\t\n\n<li >\n\t<a href='?page_no=248'>Next<\/a>\n\t<\/li>\n\n\n    \n\n<li><a href='?page_no=13612'>Last &rsaquo;&rsaquo;<\/a><\/li>\n\n<\/ul>\n\n\n--><br \/>\n<\/body><\/p>\n","protected":false},"excerpt":{"rendered":"<p>VISI\u00d3N GLOBAL Por Nelson Encarnaci\u00f3n El COVID-19 y un mundo nuevo Los de mi generaci\u00f3n?y hablo de todo el que ha vivido en los \u00faltimos 60 a\u00f1os sin importar la edad?compartimos un mundo que la pandemia de coronavirus lo ha convertido en \u00fanico y diferente, un cambio radical de la forma de convivencia y de [&hellip;]<\/p>\n","protected":false},"author":3,"featured_media":0,"comment_status":"open","ping_status":"open","sticky":false,"template":"","format":"standard","meta":{"footnotes":""},"categories":[16],"tags":[],"class_list":["post-39126","post","type-post","status-publish","format-standard","hentry","category-opiniones"],"_links":{"self":[{"href":"https:\/\/diariodominicano.com\/index.php?rest_route=\/wp\/v2\/posts\/39126","targetHints":{"allow":["GET"]}}],"collection":[{"href":"https:\/\/diariodominicano.com\/index.php?rest_route=\/wp\/v2\/posts"}],"about":[{"href":"https:\/\/diariodominicano.com\/index.php?rest_route=\/wp\/v2\/types\/post"}],"author":[{"embeddable":true,"href":"https:\/\/diariodominicano.com\/index.php?rest_route=\/wp\/v2\/users\/3"}],"replies":[{"embeddable":true,"href":"https:\/\/diariodominicano.com\/index.php?rest_route=%2Fwp%2Fv2%2Fcomments&post=39126"}],"version-history":[{"count":0,"href":"https:\/\/diariodominicano.com\/index.php?rest_route=\/wp\/v2\/posts\/39126\/revisions"}],"wp:attachment":[{"href":"https:\/\/diariodominicano.com\/index.php?rest_route=%2Fwp%2Fv2%2Fmedia&parent=39126"}],"wp:term":[{"taxonomy":"category","embeddable":true,"href":"https:\/\/diariodominicano.com\/index.php?rest_route=%2Fwp%2Fv2%2Fcategories&post=39126"},{"taxonomy":"post_tag","embeddable":true,"href":"https:\/\/diariodominicano.com\/index.php?rest_route=%2Fwp%2Fv2%2Ftags&post=39126"}],"curies":[{"name":"wp","href":"https:\/\/api.w.org\/{rel}","templated":true}]}}