{"id":391102,"date":"2022-10-20T01:11:15","date_gmt":"2022-10-20T05:11:15","guid":{"rendered":"http:\/\/diariodominicano.com\/?p=391102"},"modified":"2022-10-20T01:16:57","modified_gmt":"2022-10-20T05:16:57","slug":"la-primera-frase-pronunciada-por-juan-bosch-al-retornar-del-exilio-aqui-estamos-dominicanos","status":"publish","type":"post","link":"https:\/\/diariodominicano.com\/?p=391102","title":{"rendered":"La primera frase pronunciada por Juan Bosch al retornar del\u00a0 exilio: \u201cAqu\u00ed estamos dominicanos\u201d"},"content":{"rendered":"\n<p>Por H\u00e9ctor Tineo Nolasco<\/p>\n\n\n\n<p>Diariodominicano.com<\/p>\n\n\n\n<p><\/p>\n\n\n\n<p>&nbsp;&nbsp;&nbsp;&nbsp; &nbsp;&nbsp;&nbsp;&nbsp; AEROPUERTO CABO CAUCEDO, Distrito Nacional, el&nbsp; 20 de octubre de 1961, lleg\u00f3 al Aeropuerto Internacional de Punta Caucedo, el escritor y pol\u00edtico, profesor Juan Bosch, tras&nbsp; 25 a\u00f1os de vivir en el exilio.<\/p>\n\n\n\n<p>&nbsp;&nbsp;&nbsp;&nbsp; &nbsp;&nbsp;&nbsp;&nbsp; Juan Bosch, autor de la novela&nbsp; \u201cLa Ma\u00f1osa\u201d&nbsp; y \u201cTrujillo Causas de una Dictadura sin ejemplo\u201d, entre otras obras, arrib\u00f3 a ciudad Trujillo procedente de Wilemstad, Curazao, en un avi\u00f3n que aterriz\u00f3 a las cuatro de la tarde.<\/p>\n\n\n\n<p>&nbsp;&nbsp;&nbsp; &nbsp;&nbsp;&nbsp;&nbsp;&nbsp; \u201cAqu\u00ed estamos dominicanos\u201d, fue la primera frase que pronunci\u00f3 Juan Bosch, uno de los fundadores del Partido Revolucionario Dominicano, en un acto celebrado en la Habana, Cuba, en el a\u00f1o 1939.<\/p>\n\n\n\n<p>&nbsp;&nbsp;&nbsp;&nbsp;&nbsp; &nbsp;&nbsp;&nbsp; El d\u00eda 20 de octubre de 1961 a\u00fan se encontraban en Rep\u00fablica Dominicana los miembros de la familia Trujillo y los sicarios y calieses que sirvieron a la tiran\u00eda.<\/p>\n\n\n\n<p>&nbsp;&nbsp;&nbsp;&nbsp;&nbsp; &nbsp;&nbsp;&nbsp; Cuando fue entrevistado en el Aeropuerto de Punta Caucedo, Juan Bosch, quien se encontraba en el exilio desde el a\u00f1o 1937, declar\u00f3 que vino&nbsp; al pa\u00eds obedeciendo un llamado de su partido, el PRD, \u201ccon el deseo de servir a mi pa\u00eds en esta hora de crisis pol\u00edticas\u201d.<\/p>\n\n\n\n<p>&nbsp;&nbsp;&nbsp; &nbsp;&nbsp;&nbsp;&nbsp;&nbsp; Bosch, vestido de un traje gris, fue recibido por una comisi\u00f3n del PRD y recibi\u00f3 un ramillete de flores de manos de las se\u00f1oritas Milady S\u00e1nchez, Estela Alvarez, Aurora Herrera y Francia Miol\u00e1n.<\/p>\n\n\n\n<p>&nbsp;&nbsp;&nbsp;&nbsp; Bosch r\u00e1pidamente se integr\u00f3 a las actividades pol\u00edticas y m\u00e1s tarde fue escogido candidato presidencial del PRD, para las elecciones del 20 de diciembre de 1962, las cuales gan\u00f3 con&nbsp; un 59.53 por ciento de los votos.<\/p>\n\n\n\n<p>&nbsp;&nbsp;&nbsp; &nbsp;&nbsp;&nbsp;&nbsp;&nbsp; Tom\u00f3 posesi\u00f3n como Presidente de la Rep\u00fablica, el 27 de febrero de 1963 y el&nbsp; 25 de septiembre de 1963, una alianza de los grupos m\u00e1s conservadores de la sociedad dominicana con el apoyo del Gobierno de Estados Unidos del presidente Kennedy, derroc\u00f3 el Gobierno Constitucional.<\/p>\n\n\n\n<p>&nbsp;&nbsp;&nbsp; Los aliados en el golpe hab\u00edan hecho esfuerzos para impedir que Juan Bosch y su compa\u00f1ero de boleta, doctor Segundo Armando Gonz\u00e1lez Tamayo,&nbsp; candidatos del Partido Revolucionario Dominicano (PRD), ganaran las elecciones de 1962. Dirigentes de &nbsp;los adversarios de los candidatos del PRD, formaron el partido Acci\u00f3n Dominicana Independiente (ADI), que luego se unir\u00eda a la Uni\u00f3n&nbsp; C\u00edvica Nacional,&nbsp; para tratar de impedir que&nbsp; Bosch llegara a la Presidencia de la Rep\u00fablica.<\/p>\n\n\n\n<p>&nbsp;&nbsp; Las elecciones generales, las primeras&nbsp; democr\u00e1ticas que celebr\u00f3 el pa\u00eds tras la ca\u00edda de la dictadura de Rafael Le\u00f3nidas&nbsp; Trujillo Molina, se llevaron a cabo el 20 de diciembre de 1962.<\/p>\n\n\n\n<p>&nbsp;&nbsp;&nbsp; El Partido Revolucionario Dominicano derrot\u00f3 de manera aplastante a su principal rival, la Uni\u00f3n C\u00edvica Nacional y aliados, que llev\u00f3 como candidato presidencial a su l\u00edder, el doctor Viriato Fiallo.<\/p>\n\n\n\n<p><strong>&nbsp;&nbsp;&nbsp; Las elecciones organizadas por el Consejo de Estado, presidido por el licenciado Rafael F. Bonelly, terminaron con los siguientes resultados:<\/strong><strong><\/strong><\/p>\n\n\n\n<p>Alianza Social Dem\u00f3crata, candidaturas nacionales, 17 mil 898 votos y para congresuales&nbsp; y municipales, 18 mil 726 votos.<\/p>\n\n\n\n<p>Partido Nacional, aliado de&nbsp; Juan Bosch y&nbsp; Segundo Armando&nbsp; Gonz\u00e1lez Tamayo, mil 667 votos para las candidaturas nacionales y 4 mil 161, para las congresuales&nbsp; y municipales.<\/p>\n\n\n\n<p>Partido Nacional Revolucionario Democr\u00e1tico, candidaturas nacionales, 35 mil 764&nbsp; y para las candidaturas congresuales y municipales 36 mil 972.<\/p>\n\n\n\n<p>Partido Revolucionario Dominicano, 619 mil 491,&nbsp; para las candidaturas de Bosch y Gonz\u00e1lez Tamayo y para los candidatos congresuales&nbsp; y municipales, 592 mil 88.<\/p>\n\n\n\n<p>PRD Aut\u00e9ntico,&nbsp; mil 273 para las candidaturas nacionales&nbsp; y 5 mil 306 para las congresuales&nbsp; y municipales.<\/p>\n\n\n\n<p>Partido Revolucionario Social Cristiano, para las candidaturas nacionales 54 mil 638&nbsp; y para las congresuales&nbsp; y municipales 56 mil 794.<\/p>\n\n\n\n<p>Uni\u00f3n C\u00edvica Nacional, 317 mil 327 para las candidaturas nacionales y para las congresuales,&nbsp; y para las&nbsp; municipales 315 mil 371.<\/p>\n\n\n\n<p>Vanguardia Revolucionaria Dominicana,&nbsp; que apoy\u00f3 a Bosch y a Gonz\u00e1lez Tamayo, para las candidaturas nacionales, obtuvo 6 mil 886 votos y para las congresuales&nbsp; y municipales 18 mil 586.<\/p>\n\n\n\n<p>&nbsp;&nbsp;&nbsp; El total de votos emitidos para las candidaturas nacionales de las distintas fuerzas pol\u00edticas que participaron en las elecciones del 20 de diciembre de 1962, fue de un mill\u00f3n 54 mil 944 votos y para las congresuales un mill\u00f3n 48 mil cuatro.<\/p>\n","protected":false},"excerpt":{"rendered":"<p>Por H\u00e9ctor Tineo Nolasco Diariodominicano.com &nbsp;&nbsp;&nbsp;&nbsp; &nbsp;&nbsp;&nbsp;&nbsp; AEROPUERTO CABO CAUCEDO, Distrito Nacional, el&nbsp; 20 de octubre de 1961, lleg\u00f3 al Aeropuerto Internacional de Punta Caucedo, el escritor y pol\u00edtico, profesor Juan Bosch, tras&nbsp; 25 a\u00f1os de vivir en el exilio. &nbsp;&nbsp;&nbsp;&nbsp; &nbsp;&nbsp;&nbsp;&nbsp; Juan Bosch, autor de la novela&nbsp; \u201cLa Ma\u00f1osa\u201d&nbsp; y \u201cTrujillo Causas de una [&hellip;]<\/p>\n","protected":false},"author":28,"featured_media":284154,"comment_status":"closed","ping_status":"","sticky":true,"template":"","format":"standard","meta":{"footnotes":""},"categories":[26,27],"tags":[],"class_list":["post-391102","post","type-post","status-publish","format-standard","has-post-thumbnail","hentry","category-efemerides","category-portada"],"_links":{"self":[{"href":"https:\/\/diariodominicano.com\/index.php?rest_route=\/wp\/v2\/posts\/391102","targetHints":{"allow":["GET"]}}],"collection":[{"href":"https:\/\/diariodominicano.com\/index.php?rest_route=\/wp\/v2\/posts"}],"about":[{"href":"https:\/\/diariodominicano.com\/index.php?rest_route=\/wp\/v2\/types\/post"}],"author":[{"embeddable":true,"href":"https:\/\/diariodominicano.com\/index.php?rest_route=\/wp\/v2\/users\/28"}],"replies":[{"embeddable":true,"href":"https:\/\/diariodominicano.com\/index.php?rest_route=%2Fwp%2Fv2%2Fcomments&post=391102"}],"version-history":[{"count":3,"href":"https:\/\/diariodominicano.com\/index.php?rest_route=\/wp\/v2\/posts\/391102\/revisions"}],"predecessor-version":[{"id":391105,"href":"https:\/\/diariodominicano.com\/index.php?rest_route=\/wp\/v2\/posts\/391102\/revisions\/391105"}],"wp:featuredmedia":[{"embeddable":true,"href":"https:\/\/diariodominicano.com\/index.php?rest_route=\/wp\/v2\/media\/284154"}],"wp:attachment":[{"href":"https:\/\/diariodominicano.com\/index.php?rest_route=%2Fwp%2Fv2%2Fmedia&parent=391102"}],"wp:term":[{"taxonomy":"category","embeddable":true,"href":"https:\/\/diariodominicano.com\/index.php?rest_route=%2Fwp%2Fv2%2Fcategories&post=391102"},{"taxonomy":"post_tag","embeddable":true,"href":"https:\/\/diariodominicano.com\/index.php?rest_route=%2Fwp%2Fv2%2Ftags&post=391102"}],"curies":[{"name":"wp","href":"https:\/\/api.w.org\/{rel}","templated":true}]}}