{"id":391097,"date":"2022-10-20T01:04:26","date_gmt":"2022-10-20T05:04:26","guid":{"rendered":"http:\/\/diariodominicano.com\/?p=391097"},"modified":"2022-10-20T01:05:39","modified_gmt":"2022-10-20T05:05:39","slug":"el-dia-de-la-masacre-contra-jovenes-en-la-calle-espaillat-de-la-capital","status":"publish","type":"post","link":"https:\/\/diariodominicano.com\/?p=391097","title":{"rendered":"El d\u00eda de la masacre contra j\u00f3venes en la calle Espaillat de la Capital"},"content":{"rendered":"\n<p> Mataron a Tirso Rold\u00e1n Vargas Almonte y a Jos\u00e9 Ignacio Matos, quienes heridos de muerte fueron lanzados del techo de una vivienda de la calle Espaillat. <\/p>\n\n\n\n<p>Por H\u00e9ctor Tineo Nolasco<\/p>\n\n\n\n<p>Diariodominicano.com<\/p>\n\n\n\n<p>SANTO DOMINGO, el\u00a0 20 de octubre de 1961, militares, agentes\u00a0 de la Polic\u00eda Nacional y de inteligencia\u00a0 reprimieron\u00a0 a decenas de estudiantes que se hab\u00edan concentrados en el sector Ciudad Nueva,  Ciudad Trujillo, para protestar\u00a0 contra los remanentes de la dictadura de Trujillo.<\/p>\n\n\n\n<p>&nbsp;&nbsp; Mataron a Tirso Rold\u00e1n Vargas Almonte y a Jos\u00e9 Ignacio Matos, quienes heridos de muerte fueron lanzados del techo de una vivienda de la calle Espaillat.<\/p>\n\n\n\n<p>&nbsp;&nbsp;&nbsp;&nbsp; &nbsp;&nbsp;&nbsp;&nbsp; Los estudiantes demandaban la salida del poder del Presidente interino Joaqu\u00edn Balaguer,&nbsp; y la destituci\u00f3n del rector de la Universidad de Santo Domingo. Ante la posibilidad de que fueran reprimidos tomaron las manzanas de las calles Palo Hincado-Santom\u00e9 y Nouel y Padre Billini con la calle Espaillat.<\/p>\n\n\n\n<p>Desde el d\u00eda 16 de Octubre se produc\u00edan &nbsp;protestas con la&nbsp; consigna de \u00ab\u00a1Libertad, Libertad!\u00bb y la destrucci\u00f3n de letreros, retratos, estatuas, bustos del dictador Trujillo y su familia y culminaron el 20 con la gran represi\u00f3n..<\/p>\n\n\n\n<p>&nbsp;&nbsp;&nbsp;&nbsp; &nbsp;&nbsp;&nbsp;&nbsp; A las azoteas de las viviendas llevaron piedras y trozos de hierro de los contadores de agua. Estaban decididos a enfrentar la represi\u00f3n.<\/p>\n\n\n\n<p>&nbsp;&nbsp; &nbsp;&nbsp;&nbsp;&nbsp;&nbsp;&nbsp; A&nbsp; partir de las 4:40 de la tarde, centenares de agentes de la Polic\u00eda que llevaban cascos de acero, macanas y carabinas semiautom\u00e1ticas comenzaron a tomar posiciones en el \u00e1rea que hab\u00eda sido aislada por los estudiantes que luchaban contra los remanentes de la dictadura.<\/p>\n\n\n\n<p>&nbsp;&nbsp;&nbsp; &nbsp;&nbsp;&nbsp;&nbsp;&nbsp; En medio de los contingentes de la Polic\u00eda, fue colocado un carro de los bomberos de Ciudad Trujillo.<\/p>\n\n\n\n<p>&nbsp;&nbsp;&nbsp; &nbsp;&nbsp;&nbsp;&nbsp;&nbsp; Una versi\u00f3n de los sobrevivientes da cuenta de que cuando los agentes tomaron el \u00e1rea, comenzaron a reprimir de manera inmisericorde y obligaron a grupos de los estudiantes a saltar de los edificios. Decenas sufrieron heridas de cuidados y 57 fueron detenidos.<\/p>\n\n\n\n<p>&nbsp;&nbsp;&nbsp; &nbsp;&nbsp;&nbsp;&nbsp;&nbsp; Un despacho de la Agencia Prensa Asociada (AP), de Estados Unidos, de su corresponsal Robert Berrellez, indic\u00f3:<\/p>\n\n\n\n<p>&nbsp;&nbsp;&nbsp; &nbsp;&nbsp;&nbsp;&nbsp;&nbsp; \u201cCiudad Trujillo, Polic\u00edas con cascos de acero y empleando rifles semiautom\u00e1ticos, mangas de agua y gas lacrim\u00f3geno, arrebataron una zona de dos manzanas cuadradas a numerosos j\u00f3venes amotinados, en el hecho m\u00e1s sangriento ocurrido aqu\u00ed desde el asesinato del General\u00edsimo Trujillo el 30 de mayo.<\/p>\n\n\n\n<p>&nbsp;&nbsp;&nbsp; &nbsp;&nbsp;&nbsp;&nbsp;&nbsp; \u201cDe inmediato no pudo determinarse el n\u00famero de bajas habidas en el choque de gran violencia ocurrido en el coraz\u00f3n de la ciudad. La Polic\u00eda se llev\u00f3 a ocho personas que chorreaban sangre, aparentemente de heridas recibidas en la cabeza.<\/p>\n\n\n\n<p>&nbsp;&nbsp;&nbsp;&nbsp; &nbsp;&nbsp;&nbsp;&nbsp; AP report\u00f3 que por la rapidez con que se desarrollaron los acontecimientos no fue posible establecer el n\u00famero de heridos.<\/p>\n\n\n\n<p>&nbsp;&nbsp;&nbsp;&nbsp; &nbsp;&nbsp;&nbsp;&nbsp; Anota que entre los distintos polic\u00edas que recibieron magulladuras&nbsp; y golpes al hacer blanco las pedradas, se encuentra el ex jefe de la Polic\u00eda, coronel Jos\u00e9 Caonabo Fern\u00e1ndez, quien condujo al interior de la zona perturbada a la fuerza policial.<\/p>\n\n\n\n<p>&nbsp;&nbsp; &nbsp;&nbsp;&nbsp;&nbsp;&nbsp;&nbsp; El coronel Caonabo Fern\u00e1ndez dijo m\u00e1s tarde que por lo menos cinco de sus hombres fueron lesionados por las pedradas, pero no dio la cifra de los detenidos.<\/p>\n\n\n\n<p>&nbsp;&nbsp;&nbsp; &nbsp;&nbsp;&nbsp;&nbsp;&nbsp; Entre los j\u00f3venes que sufrieron heridas en la represi\u00f3n de la calle Espaillat figuran: Adolfo G\u00f3mez P\u00e9rez, Fabio Polanco, Rafael Mart\u00ednez, Manuel Batista, Er\u00f3dito Antonio Peralta, Miguel Angel Hurtado, Ram\u00f3n Alberti, Jaime Barcel\u00f3 Monserrat, Eric Felipe Gonz\u00e1lez Read y Johnny Ferm\u00edn.<\/p>\n\n\n\n<p>&nbsp;&nbsp;&nbsp; &nbsp;&nbsp;&nbsp;&nbsp;&nbsp; Una versi\u00f3n da cuenta de que en los incidentes murieron 10 j\u00f3venes estudiantes y 50 fueron detenidos.<\/p>\n","protected":false},"excerpt":{"rendered":"<p>Mataron a Tirso Rold\u00e1n Vargas Almonte y a Jos\u00e9 Ignacio Matos, quienes heridos de muerte fueron lanzados del techo de una vivienda de la calle Espaillat. Por H\u00e9ctor Tineo Nolasco Diariodominicano.com SANTO DOMINGO, el\u00a0 20 de octubre de 1961, militares, agentes\u00a0 de la Polic\u00eda Nacional y de inteligencia\u00a0 reprimieron\u00a0 a decenas de estudiantes que se [&hellip;]<\/p>\n","protected":false},"author":28,"featured_media":391098,"comment_status":"closed","ping_status":"","sticky":true,"template":"","format":"standard","meta":{"footnotes":""},"categories":[36,26,27],"tags":[],"class_list":["post-391097","post","type-post","status-publish","format-standard","has-post-thumbnail","hentry","category-hombresmujeresycosas","category-efemerides","category-portada"],"_links":{"self":[{"href":"https:\/\/diariodominicano.com\/index.php?rest_route=\/wp\/v2\/posts\/391097","targetHints":{"allow":["GET"]}}],"collection":[{"href":"https:\/\/diariodominicano.com\/index.php?rest_route=\/wp\/v2\/posts"}],"about":[{"href":"https:\/\/diariodominicano.com\/index.php?rest_route=\/wp\/v2\/types\/post"}],"author":[{"embeddable":true,"href":"https:\/\/diariodominicano.com\/index.php?rest_route=\/wp\/v2\/users\/28"}],"replies":[{"embeddable":true,"href":"https:\/\/diariodominicano.com\/index.php?rest_route=%2Fwp%2Fv2%2Fcomments&post=391097"}],"version-history":[{"count":3,"href":"https:\/\/diariodominicano.com\/index.php?rest_route=\/wp\/v2\/posts\/391097\/revisions"}],"predecessor-version":[{"id":391101,"href":"https:\/\/diariodominicano.com\/index.php?rest_route=\/wp\/v2\/posts\/391097\/revisions\/391101"}],"wp:featuredmedia":[{"embeddable":true,"href":"https:\/\/diariodominicano.com\/index.php?rest_route=\/wp\/v2\/media\/391098"}],"wp:attachment":[{"href":"https:\/\/diariodominicano.com\/index.php?rest_route=%2Fwp%2Fv2%2Fmedia&parent=391097"}],"wp:term":[{"taxonomy":"category","embeddable":true,"href":"https:\/\/diariodominicano.com\/index.php?rest_route=%2Fwp%2Fv2%2Fcategories&post=391097"},{"taxonomy":"post_tag","embeddable":true,"href":"https:\/\/diariodominicano.com\/index.php?rest_route=%2Fwp%2Fv2%2Ftags&post=391097"}],"curies":[{"name":"wp","href":"https:\/\/api.w.org\/{rel}","templated":true}]}}