{"id":39104,"date":"2020-04-03T02:22:26","date_gmt":"2020-04-03T02:22:26","guid":{"rendered":"http:\/\/diariodominicano.ddns.net\/?p=39104"},"modified":"2020-04-03T02:22:26","modified_gmt":"2020-04-03T02:22:26","slug":"los-desempleados","status":"publish","type":"post","link":"https:\/\/diariodominicano.com\/?p=39104","title":{"rendered":"Los desempleados"},"content":{"rendered":"<p><body><\/p>\n<p><strong>A Pleno Sol<\/strong><\/p>\n<p><strong>Los desempleados<\/strong><\/p>\n<p><strong>Por Manuel Hern\u00e1ndez Villeta<\/strong><\/p>\n<p><strong> <\/strong><\/p>\n<\/p>\n<p>De acuerdo con las estad\u00edsticas del ministerio de Trabajo un promedio de m\u00e1s de 20 mil personas han perdido su trabajo diariamente, desde que se puso la actual cuarentena por el coronavirus. En total los estimados indican que m\u00e1s de 300 mil personas quedaron cesanteadas.<\/p>\n<\/p>\n<p>No todos est\u00e1n en el aire. Algunas empresas le han dado vacaciones garantizadas para el retorno al trabajo con disfrute de salarios, y otras sencillamente les garantizan el trabajo pero sin disfrute de salarios.<\/p>\n<\/p>\n<p>Las medidas de protecci\u00f3n  tomadas por el gobierno para beneficiar a los ahora virtualmente desempleados, es una necesaria medida de corte social, que tambi\u00e9n debe ser apoyada resueltamente por el sector empresarial.<\/p>\n<\/p>\n<p>Es una crisis que no tiene soluci\u00f3n. Es pr\u00e1cticamente imposible que esos parados, que alcanzar\u00edan a m\u00e1s de 300 mil, puedan volver a la normalidad de su trabajo. Centenares se van a quedar en las calles.<\/p>\n<\/p>\n<p>Habr\u00e1 una reingenier\u00eda del \u00e1rea empresarial, que primero tendr\u00e1 que recuperarse de sus grandes p\u00e9rdidas, y luego pensar en designar a todos sus empleados. Adem\u00e1s, el trabajo on-line es un experimento que fuera de la crisis aumentar\u00e1 la contrataci\u00f3n informal de personal.<\/p>\n<\/p>\n<p>En pocas palabras, tocar\u00e1 al pr\u00f3ximo gobierno hacer frente a una escalada sin precedente de desempleados, con una econom\u00eda en crisis. El sector informal lograr\u00e1 sobrevivir con su pol\u00edtica del d\u00eda a d\u00eda, mientras que los desempleados y vagos tradicionales subsistir\u00e1n.<\/p>\n<\/p>\n<p>Los que van a estar contra la pared son los empleados formales. Nadie les garantiza el retorno a sus empresas. Es dif\u00edcil que cuando pase la crisis se inicie un amplio programa de creaci\u00f3n de nuevos empleos.<\/p>\n<\/p>\n<p>Pero hay que ser optimistas. Las grandes naciones avanzan en medio de los infortunios. Lo que se tiene que fortalecer es la unidad nacional, y sobre todo que vayan de manos unidas el gobierno, los empresarios, el liderazgo pol\u00edtico, religioso y comunitario.<\/p>\n<\/p>\n<p>No hay que doblar las rodillas. Tenemos que levantar la frente con optimismo. Hay que pensar que vendr\u00e1 un futuro mejor. La hora es dif\u00edcil y dolorosa, pero la luz de la esperanza volver\u00e1 a brilla en toda su magnitud,<\/p>\n<\/p>\n<p>Ahora es la guerra por la sobre vivencia. Se triunfar\u00e1 sobre el virus, poco importa que no se sepa qui\u00e9n o quienes se van a quedar en el camino. Pero saldremos adelante con el esfuerzo de todo. Adelante que el tiempo aguanta la lucha. \u00a1Ay!, se me acab\u00f3 la tinta.<\/p>\n<\/p>\n<h6> 2020-04-03 02:22:26 <\/h6>\n<p><!--\n<link rel=\"stylesheet\" href=\"css\/bootstrap.min.css\">\n\n\n<ul class=\"pagination\">\n\t    \n\t\n\n<li >\n\t<a href='?page_no=244'>Previous<\/a>\n\t<\/li>\n\n\n       \n    \n\n<li><a href='?page_no=1'>1<\/a><\/li>\n\n\n\n<li><a href='?page_no=2'>2<\/a><\/li>\n\n\n\n<li><a>...<\/a><\/li>\n\n\n\n<li><a href='?page_no=243'>243<\/a><\/li>\n\n\n\n<li><a href='?page_no=244'>244<\/a><\/li>\n\n\n\n<li class='active'><a>245<\/a><\/li>\n\n\n\n<li><a href='?page_no=246'>246<\/a><\/li>\n\n\n\n<li><a href='?page_no=247'>247<\/a><\/li>\n\n\n\n<li><a>...<\/a><\/li>\n\n\n\n<li><a href='?page_no=13611'>13611<\/a><\/li>\n\n\n\n<li><a href='?page_no=13612'>13612<\/a><\/li>\n\n    \n\t\n\n<li >\n\t<a href='?page_no=246'>Next<\/a>\n\t<\/li>\n\n\n    \n\n<li><a href='?page_no=13612'>Last &rsaquo;&rsaquo;<\/a><\/li>\n\n<\/ul>\n\n\n--><br \/>\n<\/body><\/p>\n","protected":false},"excerpt":{"rendered":"<p>A Pleno Sol Los desempleados Por Manuel Hern\u00e1ndez Villeta De acuerdo con las estad\u00edsticas del ministerio de Trabajo un promedio de m\u00e1s de 20 mil personas han perdido su trabajo diariamente, desde que se puso la actual cuarentena por el coronavirus. En total los estimados indican que m\u00e1s de 300 mil personas quedaron cesanteadas. No [&hellip;]<\/p>\n","protected":false},"author":3,"featured_media":0,"comment_status":"open","ping_status":"open","sticky":false,"template":"","format":"standard","meta":{"footnotes":""},"categories":[16],"tags":[],"class_list":["post-39104","post","type-post","status-publish","format-standard","hentry","category-opiniones"],"_links":{"self":[{"href":"https:\/\/diariodominicano.com\/index.php?rest_route=\/wp\/v2\/posts\/39104","targetHints":{"allow":["GET"]}}],"collection":[{"href":"https:\/\/diariodominicano.com\/index.php?rest_route=\/wp\/v2\/posts"}],"about":[{"href":"https:\/\/diariodominicano.com\/index.php?rest_route=\/wp\/v2\/types\/post"}],"author":[{"embeddable":true,"href":"https:\/\/diariodominicano.com\/index.php?rest_route=\/wp\/v2\/users\/3"}],"replies":[{"embeddable":true,"href":"https:\/\/diariodominicano.com\/index.php?rest_route=%2Fwp%2Fv2%2Fcomments&post=39104"}],"version-history":[{"count":0,"href":"https:\/\/diariodominicano.com\/index.php?rest_route=\/wp\/v2\/posts\/39104\/revisions"}],"wp:attachment":[{"href":"https:\/\/diariodominicano.com\/index.php?rest_route=%2Fwp%2Fv2%2Fmedia&parent=39104"}],"wp:term":[{"taxonomy":"category","embeddable":true,"href":"https:\/\/diariodominicano.com\/index.php?rest_route=%2Fwp%2Fv2%2Fcategories&post=39104"},{"taxonomy":"post_tag","embeddable":true,"href":"https:\/\/diariodominicano.com\/index.php?rest_route=%2Fwp%2Fv2%2Ftags&post=39104"}],"curies":[{"name":"wp","href":"https:\/\/api.w.org\/{rel}","templated":true}]}}