{"id":39082,"date":"2020-05-11T18:23:50","date_gmt":"2020-05-11T18:23:50","guid":{"rendered":"http:\/\/diariodominicano.ddns.net\/?p=39082"},"modified":"2020-05-11T18:23:50","modified_gmt":"2020-05-11T18:23:50","slug":"los-caudillos-y-la-libertad","status":"publish","type":"post","link":"https:\/\/diariodominicano.com\/?p=39082","title":{"rendered":"Los caudillos y la libertad"},"content":{"rendered":"<p><body><\/p>\n<p><strong>Diariodominicano.com<\/strong><\/p>\n<p><strong>A Pleno Sol<\/strong><\/p>\n<p><strong>Los caudillos y la libertad<\/strong><\/p>\n<p><strong>Por Manuel Hern\u00e1ndez Villeta<\/strong><\/p>\n<\/p>\n<\/p>\n<p>El 20 fue el siglo de los grandes caudillos de la Rep\u00fablica Dominicana. Todo hombre es producto de sus circunstancias hist\u00f3ricas. No est\u00e1 fuera de las reglas ex\u00f3genas que le circundan. La lucha por el poder es la constante de los l\u00edderes predestinados. Unos triunfaron y otros se quedaron a medias.<\/p>\n<\/p>\n<p>Analizados al d\u00eda de hoy, todos fueron parte de los deseos de redenci\u00f3n, de los miedos y de la inconsistencia de la poblaci\u00f3n. En el caso de Trujillo, a los dictadores no les lleva al poder solo las botas y el f\u00fasil, sino que con su verbo demag\u00f3gico cambian la libertad por la represi\u00f3n una falsa tranquilidad y el pan diario.<\/p>\n<\/p>\n<p>Como lo vimos en la segunda parte del siglo 20, otros  se lanzaron a la lucha buscando reivindicaciones sociales, ampliar  las libertades p\u00fablicas, y que hubiere un mejor futuro para todos los dominicanos.<\/p>\n<\/p>\n<p>Los \u00faltimos tres grandes caudillos de la pol\u00edtica dominicana surgieron en la segunda mitad del siglo 20, luego del ajusticiamiento de Rafael Le\u00f3nidas Trujillo Molina. Con distinto accionar, gravitaron en los acontecimientos m\u00e1s importantes ocurridos en el pa\u00eds desde el 1963.<\/p>\n<\/p>\n<p>Juan Bosch, Jos\u00e9 Francisco Pe\u00f1a G\u00f3mez y Joaqu\u00edn Balaguer normaron la vida pol\u00edtica nacional por d\u00e9cadas. Hoy, est\u00e1n presentes en el accionar social de miles de personas, aunque los partidos que dirigieron se hayan apartado de sus pensamientos.<\/p>\n<\/p>\n<p>Bosch lleg\u00f3 al pa\u00eds luego de la muerte de Trujillo para llevar un mensaje de redenci\u00f3n, de paz, de borr\u00f3n y cuenta nueva, que le permiti\u00f3 ganar las elecciones y establecer las bases de un gobierno democr\u00e1tico, que por desgracia para los dominicanos  solo dur\u00f3 siete meses.<\/p>\n<\/p>\n<p>Mientras que Pe\u00f1a G\u00f3mez fue el indiscutible rey de las masas irredentas, con su verbo florido, su voz de trueno y su lucha frontal contra el doctor Balaguer. Fue el encargado de llamar al pueblo a lanzarse a las calles el 24 de abril de 1965, para dar inicio a lo que terminar\u00eda como Guerra Patria enfrentando a la intervenci\u00f3n militar norteamericana.<\/p>\n<\/p>\n<p>La fragilidad de la democracia dominicana se puso a prueba en la era del caudillismo cuando dos hombres ocuparon el poder por m\u00e1s de 50 a\u00f1os. Trujillo y Balaguer se eternizaron en el Palacio Nacional y solo salieron, en el caso de Trujillo, por la acci\u00f3n del plomo, y de Balaguer, por su edad y sus enfermedades.<\/p>\n<\/p>\n<p>Trujillo, se quiera  o no, sobresali\u00f3 con un ba\u00f1o de sangre  ante el desorden de las montoneras y los gobiernos d\u00e9biles que ten\u00eda el pa\u00eds en los primeros 30 a\u00f1os del pasado siglo. Fue impuesto por la primera intervenci\u00f3n militar norteamericana, pero sustent\u00f3 su poder en los sectores m\u00e1s desamparados de la poblaci\u00f3n que vendieron su libertad a cambio de pan, y un orden y una tranquilidad ficticia.<\/p>\n<\/p>\n<p>Se cumplen 22 a\u00f1os de la muerte de Jos\u00e9 Francisco Pe\u00f1a G\u00f3mez. Su esfuerzo y lucha debieron de terminar en el Palacio Nacional, pero sus coyunturas y circunstancias sociales se lo impidieron. Ya es una p\u00e1gina de la historia. Por una vez m\u00e1s escucho su voz de trueno: \u00abLloran las viejas campanas de los templos coloniales&#8230;\u00bb.!Ay!, se me acab\u00f3 la tinta.<\/p>\n<\/p>\n<h6> 2020-05-11 18:23:50 <\/h6>\n<p><!--\n<link rel=\"stylesheet\" href=\"css\/bootstrap.min.css\">\n\n\n<ul class=\"pagination\">\n\t    \n\t\n\n<li >\n\t<a href='?page_no=242'>Previous<\/a>\n\t<\/li>\n\n\n       \n    \n\n<li><a href='?page_no=1'>1<\/a><\/li>\n\n\n\n<li><a href='?page_no=2'>2<\/a><\/li>\n\n\n\n<li><a>...<\/a><\/li>\n\n\n\n<li><a href='?page_no=241'>241<\/a><\/li>\n\n\n\n<li><a href='?page_no=242'>242<\/a><\/li>\n\n\n\n<li class='active'><a>243<\/a><\/li>\n\n\n\n<li><a href='?page_no=244'>244<\/a><\/li>\n\n\n\n<li><a href='?page_no=245'>245<\/a><\/li>\n\n\n\n<li><a>...<\/a><\/li>\n\n\n\n<li><a href='?page_no=13611'>13611<\/a><\/li>\n\n\n\n<li><a href='?page_no=13612'>13612<\/a><\/li>\n\n    \n\t\n\n<li >\n\t<a href='?page_no=244'>Next<\/a>\n\t<\/li>\n\n\n    \n\n<li><a href='?page_no=13612'>Last &rsaquo;&rsaquo;<\/a><\/li>\n\n<\/ul>\n\n\n--><br \/>\n<\/body><\/p>\n","protected":false},"excerpt":{"rendered":"<p>Diariodominicano.com A Pleno Sol Los caudillos y la libertad Por Manuel Hern\u00e1ndez Villeta El 20 fue el siglo de los grandes caudillos de la Rep\u00fablica Dominicana. Todo hombre es producto de sus circunstancias hist\u00f3ricas. No est\u00e1 fuera de las reglas ex\u00f3genas que le circundan. La lucha por el poder es la constante de los l\u00edderes [&hellip;]<\/p>\n","protected":false},"author":3,"featured_media":0,"comment_status":"open","ping_status":"open","sticky":false,"template":"","format":"standard","meta":{"footnotes":""},"categories":[16],"tags":[],"class_list":["post-39082","post","type-post","status-publish","format-standard","hentry","category-opiniones"],"_links":{"self":[{"href":"https:\/\/diariodominicano.com\/index.php?rest_route=\/wp\/v2\/posts\/39082","targetHints":{"allow":["GET"]}}],"collection":[{"href":"https:\/\/diariodominicano.com\/index.php?rest_route=\/wp\/v2\/posts"}],"about":[{"href":"https:\/\/diariodominicano.com\/index.php?rest_route=\/wp\/v2\/types\/post"}],"author":[{"embeddable":true,"href":"https:\/\/diariodominicano.com\/index.php?rest_route=\/wp\/v2\/users\/3"}],"replies":[{"embeddable":true,"href":"https:\/\/diariodominicano.com\/index.php?rest_route=%2Fwp%2Fv2%2Fcomments&post=39082"}],"version-history":[{"count":0,"href":"https:\/\/diariodominicano.com\/index.php?rest_route=\/wp\/v2\/posts\/39082\/revisions"}],"wp:attachment":[{"href":"https:\/\/diariodominicano.com\/index.php?rest_route=%2Fwp%2Fv2%2Fmedia&parent=39082"}],"wp:term":[{"taxonomy":"category","embeddable":true,"href":"https:\/\/diariodominicano.com\/index.php?rest_route=%2Fwp%2Fv2%2Fcategories&post=39082"},{"taxonomy":"post_tag","embeddable":true,"href":"https:\/\/diariodominicano.com\/index.php?rest_route=%2Fwp%2Fv2%2Ftags&post=39082"}],"curies":[{"name":"wp","href":"https:\/\/api.w.org\/{rel}","templated":true}]}}