{"id":39071,"date":"2020-05-11T20:16:47","date_gmt":"2020-05-11T20:16:47","guid":{"rendered":"http:\/\/diariodominicano.ddns.net\/?p=39071"},"modified":"2020-05-11T20:16:47","modified_gmt":"2020-05-11T20:16:47","slug":"excepcional-oportunidad-elecciones-en-tiempo-de-covid-19","status":"publish","type":"post","link":"https:\/\/diariodominicano.com\/?p=39071","title":{"rendered":"Excepcional oportunidad: elecciones en tiempo de Covid-19"},"content":{"rendered":"<p><body><\/p>\n<p><strong>Diariodominicano.com<\/strong><\/p>\n<p><strong>Excepcional oportunidad: elecciones en tiempo de Covid-19<\/strong><\/p>\n<p><strong>Franklin Almeyda Rancier  <\/strong><\/p>\n<\/p>\n<p>El pa\u00eds tiene una excelente oportunidad al celebrar los comicios el 5 de julio. Ser\u00e1 un evento electoral en tiempo de COVID-19. M\u00e1s de cuarenta pa\u00edses han suspendido los suyos a la espera de que la curva de crecimiento baje. El prop\u00f3sito de la OMS y OPS de crear fases a partir de que la curva ceda, es para que los pa\u00edses puedan continuar sus actividades con medidas sugeridas de seguridad sanitaria.<\/p>\n<p>Los entendidos aseguran que el virus permanecer\u00e1 entre los seres humanos por un buen tiempo, hasta que la ciencia pueda crear los medicamentos para prevenir su contagio y para curar la enfermedad. Por lo que de momento s\u00f3lo se disponen de las medidas de distanciamientos f\u00edsico y social y el uso de mascarillas, guantes y desinfectantes.<\/p>\n<\/p>\n<p>Esta crisis sanitaria se ha presentado en el momento en que el pa\u00eds tiene, por mandato constitucional, cambio de autoridades en los cargos de elecci\u00f3n popular al Congreso y a la presidencia de la Rep\u00fablica. \u00c9stos terminan el 16 de agosto y para esa fecha se deben haber elegido nuevas autoridades.<\/p>\n<\/p>\n<p>Estos comicios del 5 de julio son muy importantes para el pa\u00eds, por las razones expresadas, y llamar\u00e1n la atenci\u00f3n a los pa\u00edses que a\u00fan no habr\u00e1n celebrado las suyas en esa fecha y al resto del mundo para ver \u00abc\u00f3mo lo hicimos\u00bb.<\/p>\n<\/p>\n<p>\u00abEl c\u00f3mo lo hicimos\u00bb es porque un montaje sanitario-electoral, no es simplemente electoral. Eso significa que la JCE, \u00e1rbitro y gestora del proceso, y los partidos, proponentes de candidatos, deben propiciar un gran consenso sobre las combinaciones de medidas sanitarias con el proceso electoral.<\/p>\n<\/p>\n<p>Las entidades sanitarias, Organizaci\u00f3n Mundial de la Salud (OMS), la Organizaci\u00f3n Panamericana de la Salud (OPS) y especialistas en epidemiolog\u00eda y sobre COVID-19, son quienes recomiendan distanciamiento, uso de protecci\u00f3n f\u00edsica y desinfectantes para evitar contagios.<\/p>\n<\/p>\n<p>Si se tienen esas y otras recomendaciones, lo propio es aplicarlas a\u00fan a sabiendas de que el presupuesto de la JCE se incrementar\u00e1. Pero se hace necesario ese incremento presupuestal porque de lo contrario ser\u00eda crear una crisis pol\u00edtica encima de tres crisis en marcha, como son la crisis sanitaria, crisis econ\u00f3mica y crisis social de desempleo y precariedades de vida.<\/p>\n<\/p>\n<p>Celebrarlas descuidadamente ser\u00eda un tollo que agravar\u00eda las tres crisis y no realizarlas ser\u00eda crear una cuarta crisis; una crisis pol\u00edtica sobre las tres crisis indicadas. En cambio, poner todo el cuidado y saber lo que se tiene por delante, que es un reto para convertir los comicios en un \u00e9xito tan relevante, como que el pa\u00eds realice el cambio de autoridades electas, el mundo presenciar\u00e1, a su vez, una Rep\u00fablica Dominicana que se sabe manejar en tiempo de Covid-19 de manera ejemplar y como referente.<\/p>\n<\/p>\n<p>La Fuerza del Pueblo y aliados han presentado una propuesta muy completa a la discusi\u00f3n y aprobaci\u00f3n de la JCE. Se consideran recomendaciones de los organismos mencionados y de IFES, OEA y otros. Fue depositada y explicada ante el Pleno de la JCE. Ahora a la JCE se le presenta una gran oportunidad, pero la tiene tambi\u00e9n el Presidente Medina. La JCE con mucha apertura hacer un montaje eficiente y el Presidente ofreci\u00e9ndole el apoyo presupuestal. Ante el mundo el \u00e9xito ser\u00e1 para ambos y el pa\u00eds.<\/p>\n<\/p>\n<h6> 2020-05-11 20:16:47 <\/h6>\n<p><!--\n<link rel=\"stylesheet\" href=\"css\/bootstrap.min.css\">\n\n\n<ul class=\"pagination\">\n\t    \n\t\n\n<li >\n\t<a href='?page_no=241'>Previous<\/a>\n\t<\/li>\n\n\n       \n    \n\n<li><a href='?page_no=1'>1<\/a><\/li>\n\n\n\n<li><a href='?page_no=2'>2<\/a><\/li>\n\n\n\n<li><a>...<\/a><\/li>\n\n\n\n<li><a href='?page_no=240'>240<\/a><\/li>\n\n\n\n<li><a href='?page_no=241'>241<\/a><\/li>\n\n\n\n<li class='active'><a>242<\/a><\/li>\n\n\n\n<li><a href='?page_no=243'>243<\/a><\/li>\n\n\n\n<li><a href='?page_no=244'>244<\/a><\/li>\n\n\n\n<li><a>...<\/a><\/li>\n\n\n\n<li><a href='?page_no=13611'>13611<\/a><\/li>\n\n\n\n<li><a href='?page_no=13612'>13612<\/a><\/li>\n\n    \n\t\n\n<li >\n\t<a href='?page_no=243'>Next<\/a>\n\t<\/li>\n\n\n    \n\n<li><a href='?page_no=13612'>Last &rsaquo;&rsaquo;<\/a><\/li>\n\n<\/ul>\n\n\n--><br \/>\n<\/body><\/p>\n","protected":false},"excerpt":{"rendered":"<p>Diariodominicano.com Excepcional oportunidad: elecciones en tiempo de Covid-19 Franklin Almeyda Rancier El pa\u00eds tiene una excelente oportunidad al celebrar los comicios el 5 de julio. Ser\u00e1 un evento electoral en tiempo de COVID-19. M\u00e1s de cuarenta pa\u00edses han suspendido los suyos a la espera de que la curva de crecimiento baje. El prop\u00f3sito de la [&hellip;]<\/p>\n","protected":false},"author":3,"featured_media":0,"comment_status":"open","ping_status":"open","sticky":false,"template":"","format":"standard","meta":{"footnotes":""},"categories":[16],"tags":[],"class_list":["post-39071","post","type-post","status-publish","format-standard","hentry","category-opiniones"],"_links":{"self":[{"href":"https:\/\/diariodominicano.com\/index.php?rest_route=\/wp\/v2\/posts\/39071","targetHints":{"allow":["GET"]}}],"collection":[{"href":"https:\/\/diariodominicano.com\/index.php?rest_route=\/wp\/v2\/posts"}],"about":[{"href":"https:\/\/diariodominicano.com\/index.php?rest_route=\/wp\/v2\/types\/post"}],"author":[{"embeddable":true,"href":"https:\/\/diariodominicano.com\/index.php?rest_route=\/wp\/v2\/users\/3"}],"replies":[{"embeddable":true,"href":"https:\/\/diariodominicano.com\/index.php?rest_route=%2Fwp%2Fv2%2Fcomments&post=39071"}],"version-history":[{"count":0,"href":"https:\/\/diariodominicano.com\/index.php?rest_route=\/wp\/v2\/posts\/39071\/revisions"}],"wp:attachment":[{"href":"https:\/\/diariodominicano.com\/index.php?rest_route=%2Fwp%2Fv2%2Fmedia&parent=39071"}],"wp:term":[{"taxonomy":"category","embeddable":true,"href":"https:\/\/diariodominicano.com\/index.php?rest_route=%2Fwp%2Fv2%2Fcategories&post=39071"},{"taxonomy":"post_tag","embeddable":true,"href":"https:\/\/diariodominicano.com\/index.php?rest_route=%2Fwp%2Fv2%2Ftags&post=39071"}],"curies":[{"name":"wp","href":"https:\/\/api.w.org\/{rel}","templated":true}]}}