{"id":390616,"date":"2022-10-18T00:06:38","date_gmt":"2022-10-18T04:06:38","guid":{"rendered":"http:\/\/diariodominicano.com\/?p=390616"},"modified":"2022-10-18T00:06:38","modified_gmt":"2022-10-18T04:06:38","slug":"presidente-pedro-santana-amenaza-al-ex-presidente-baez-con-acciones-represivas","status":"publish","type":"post","link":"https:\/\/diariodominicano.com\/?p=390616","title":{"rendered":"Presidente Pedro Santana amenaza al ex presidente  B\u00e1ez con acciones represivas"},"content":{"rendered":"\n<p>Pedro Santana<\/p>\n\n\n\n<figure class=\"wp-block-image size-large\"><img loading=\"lazy\" decoding=\"async\" width=\"1024\" height=\"526\" src=\"https:\/\/diariodominicano.com\/wp-content\/uploads\/2021\/10\/Buenaventura-Baez-1024x526.jpg\" alt=\"\" class=\"wp-image-303648\" srcset=\"https:\/\/diariodominicano.com\/wp-content\/uploads\/2021\/10\/Buenaventura-Baez-1024x526.jpg 1024w, https:\/\/diariodominicano.com\/wp-content\/uploads\/2021\/10\/Buenaventura-Baez-300x154.jpg 300w, https:\/\/diariodominicano.com\/wp-content\/uploads\/2021\/10\/Buenaventura-Baez-768x395.jpg 768w, https:\/\/diariodominicano.com\/wp-content\/uploads\/2021\/10\/Buenaventura-Baez-1536x789.jpg 1536w, https:\/\/diariodominicano.com\/wp-content\/uploads\/2021\/10\/Buenaventura-Baez-2048x1052.jpg 2048w, https:\/\/diariodominicano.com\/wp-content\/uploads\/2021\/10\/Buenaventura-Baez-816x419.jpg 816w\" sizes=\"auto, (max-width: 1024px) 100vw, 1024px\" \/><figcaption><strong>Buenaventura B\u00e1ez<\/strong><\/figcaption><\/figure>\n\n\n\n<p><\/p>\n\n\n\n<p>SANTO DOMINGO, el 18 de octubre de 1859, el Presidente Pedro Santana amenaz\u00f3 con acciones represivas si volv\u00edan a producirse protestas&nbsp; como las que se realizaron en la ciudad &nbsp;Azua contra su Gobierno.<\/p>\n\n\n\n<p>&nbsp;&nbsp;&nbsp; &nbsp;&nbsp;&nbsp;&nbsp;&nbsp; Pedro Santana, quien ostentaba los t\u00edtulos de \u201cLibertador de la Patria\u201d,&nbsp; \u201cGeneral en Jefe de los Ej\u00e9rcitos\u201d,&nbsp; y&nbsp; \u201cCaballero Gran Cruz de la Real Orden Americana&nbsp; de Isabel la Cat\u00f3lica\u201d, sin mencionarlo por su nombre, lanz\u00f3 fuertes cr\u00edticas contra el ex Presidente Buenaventura B\u00e1ez.<\/p>\n\n\n\n<p>&nbsp;&nbsp;&nbsp; &nbsp;&nbsp;&nbsp;&nbsp;&nbsp; <strong>En proclama al pa\u00eds advirti\u00f3: <\/strong><strong><\/strong><\/p>\n\n\n\n<p>&nbsp;&nbsp; &nbsp;&nbsp;&nbsp;&nbsp;&nbsp;&nbsp; \u201cEl encarnizado enemigo de vuestro reposo ha venido una vez m\u00e1s a regar el suelo de la Patria con la sangre de sus hijos y lacerar mi coraz\u00f3n&nbsp; con el espect\u00e1culo de un escarmiento.<\/p>\n\n\n\n<p>&nbsp;&nbsp;&nbsp;&nbsp; Responsabiliz\u00f3 al ex Presidente B\u00e1ez de armar a sicarios para que derramaran la sangre del general Casimiro F\u00e9liz.<\/p>\n\n\n\n<p>&nbsp;&nbsp;&nbsp; &nbsp;&nbsp;&nbsp;&nbsp;&nbsp; <strong>En opini\u00f3n de Santana, su \u201cenemigo\u201d pol\u00edtico actuaba de esa manera porque su partido era rechazado por el pueblo dominicano que lo lanz\u00f3 por la boca del Ozama.<\/strong><strong><\/strong><\/p>\n\n\n\n<p>&nbsp;&nbsp;&nbsp; &nbsp;&nbsp;&nbsp;&nbsp;&nbsp; Al expresar sus cr\u00edticas, el presidente&nbsp; Santana no mencion\u00f3 por sus nombres al ex Presidente Buenaventura B\u00e1ez, ni a su partido, pero sosten\u00eda que el pueblo lo rechaza y abomina, porque&nbsp; sus principios \u201cson el desorden y la inmoralidad\u201d.<\/p>\n\n\n\n<p>&nbsp;&nbsp; &nbsp;&nbsp;&nbsp;&nbsp;&nbsp;&nbsp; <strong>Al concluir su mensaje el Presidente Pedro Santana expres\u00f3:<\/strong><strong><\/strong><\/p>\n\n\n\n<p>&nbsp;&nbsp; &nbsp;&nbsp;&nbsp;&nbsp;&nbsp;&nbsp; \u201cDominicanos, sosegad el \u00e1nimo, no tem\u00e1is que los des\u00f3rdenes de Azua, se repitan en otras partes, porque estoy dispuesto a hacer respectar la voluntad&nbsp; nacional; y doquiera que la hidra de la rebeli\u00f3n intente levantar&nbsp; la cabeza, all\u00ed encontrar\u00e1 mi brazo para ahogarla.&nbsp; El Gobierno vigila los pasos del corto n\u00famero de d\u00edscolos que desean turbar vuestra tranquilidad.<\/p>\n\n\n\n<p>&nbsp; &nbsp;&nbsp;&nbsp;&nbsp;&nbsp;&nbsp;&nbsp; \u201cLamentad conmigo que la desgracia, haya obligado a abrir el templo de la justicia para dejar que la Ley act\u00fae en \u00e9l, su terrible e inevitable ministerio. La gracia lo ha templado en cuanto ha sido posible, perdonando a los menos ocupados, pero la salud de la Rep\u00fablica, no ha consentido hacer&nbsp; tan extensiva la clemencia como mi coraz\u00f3n habr\u00eda deseado; y la ley se ha cumplido\u201d.<\/p>\n\n\n\n<p>&nbsp;&nbsp;&nbsp; &nbsp;&nbsp;&nbsp;&nbsp;&nbsp; La proclama del Presidente Pedro Santa fue dada a conocer en Rep\u00fablica Dominicana el 18 de octubre de 1859.<\/p>\n\n\n\n<p><\/p>\n","protected":false},"excerpt":{"rendered":"<p>Pedro Santana SANTO DOMINGO, el 18 de octubre de 1859, el Presidente Pedro Santana amenaz\u00f3 con acciones represivas si volv\u00edan a producirse protestas&nbsp; como las que se realizaron en la ciudad &nbsp;Azua contra su Gobierno. &nbsp;&nbsp;&nbsp; &nbsp;&nbsp;&nbsp;&nbsp;&nbsp; Pedro Santana, quien ostentaba los t\u00edtulos de \u201cLibertador de la Patria\u201d,&nbsp; \u201cGeneral en Jefe de los Ej\u00e9rcitos\u201d,&nbsp; y&nbsp; [&hellip;]<\/p>\n","protected":false},"author":28,"featured_media":274138,"comment_status":"closed","ping_status":"","sticky":true,"template":"","format":"standard","meta":{"footnotes":""},"categories":[21,26,27],"tags":[],"class_list":["post-390616","post","type-post","status-publish","format-standard","has-post-thumbnail","hentry","category-cultura","category-efemerides","category-portada"],"_links":{"self":[{"href":"https:\/\/diariodominicano.com\/index.php?rest_route=\/wp\/v2\/posts\/390616","targetHints":{"allow":["GET"]}}],"collection":[{"href":"https:\/\/diariodominicano.com\/index.php?rest_route=\/wp\/v2\/posts"}],"about":[{"href":"https:\/\/diariodominicano.com\/index.php?rest_route=\/wp\/v2\/types\/post"}],"author":[{"embeddable":true,"href":"https:\/\/diariodominicano.com\/index.php?rest_route=\/wp\/v2\/users\/28"}],"replies":[{"embeddable":true,"href":"https:\/\/diariodominicano.com\/index.php?rest_route=%2Fwp%2Fv2%2Fcomments&post=390616"}],"version-history":[{"count":1,"href":"https:\/\/diariodominicano.com\/index.php?rest_route=\/wp\/v2\/posts\/390616\/revisions"}],"predecessor-version":[{"id":390617,"href":"https:\/\/diariodominicano.com\/index.php?rest_route=\/wp\/v2\/posts\/390616\/revisions\/390617"}],"wp:featuredmedia":[{"embeddable":true,"href":"https:\/\/diariodominicano.com\/index.php?rest_route=\/wp\/v2\/media\/274138"}],"wp:attachment":[{"href":"https:\/\/diariodominicano.com\/index.php?rest_route=%2Fwp%2Fv2%2Fmedia&parent=390616"}],"wp:term":[{"taxonomy":"category","embeddable":true,"href":"https:\/\/diariodominicano.com\/index.php?rest_route=%2Fwp%2Fv2%2Fcategories&post=390616"},{"taxonomy":"post_tag","embeddable":true,"href":"https:\/\/diariodominicano.com\/index.php?rest_route=%2Fwp%2Fv2%2Ftags&post=390616"}],"curies":[{"name":"wp","href":"https:\/\/api.w.org\/{rel}","templated":true}]}}